{"id":13300,"date":"2022-04-08T08:50:47","date_gmt":"2022-04-08T06:50:47","guid":{"rendered":"https:\/\/preview.centre-assal.ch\/actualites\/\/"},"modified":"2025-10-13T03:07:22","modified_gmt":"2025-10-13T01:07:22","slug":"hallux-valgus-surgery-or-no-surgery-that-is-the-question","status":"publish","type":"post","link":"https:\/\/centre-assal.ch\/en\/actualites\/hallux-valgus-surgery-or-no-surgery-that-is-the-question\/","title":{"rendered":"Hallux valgus &#8211; Surgery or no surgery, that is the question&#8230;"},"content":{"rendered":"<p>There are many misconceptions surrounding hallux valgus (more commonly known as a \u201cbunion\u201d), a foot deformity that mainly affects women.<\/p>\n<p>Dr. Lisca Drittenbass answers all questions regarding this condition, its causes, the surgical techniques associated with its treatment, as well as patient recovery, in a detailed interview for the international magazine UN Today.<\/p>\n<p>&nbsp;<\/p>\n<p><a href=\"https:\/\/centre-assal.ch\/wp-content\/uploads\/2025\/05\/1_PDFsam_final-deux-pagescouper-apres-2.pdf\" target=\"_blank\" rel=\"noopener noreferrer\">Read the interview now<\/a><\/p>","protected":false},"excerpt":{"rendered":"<p>Beaucoup d&rsquo;id\u00e9es re\u00e7ues circulent autour de l&rsquo;hallux valgus (plus commun\u00e9ment appel\u00e9 \u00ab\u00a0oignon\u00a0\u00bb), une d\u00e9formation du pied qui touche principalement les femmes. La Dr. Lisca Drittenbass r\u00e9pond \u00e0 toutes les questions concernant cette pathologie, ses causes, les techniques chirurgicales associ\u00e9es \u00e0 son traitement ainsi que le r\u00e9tablissement du patient dans une interview d\u00e9taill\u00e9e pour le magazine [&hellip;]<\/p>\n","protected":false},"author":9,"featured_media":13303,"comment_status":"open","ping_status":"open","sticky":false,"template":"","format":"standard","meta":{"_acf_changed":false,"footnotes":""},"categories":[45],"tags":[],"class_list":["post-13300","post","type-post","status-publish","format-standard","has-post-thumbnail","hentry","category-medias-fr"],"acf":[],"yoast_head":"<!-- This site is optimized with the Yoast SEO plugin v27.5 - https:\/\/yoast.com\/product\/yoast-seo-wordpress\/ -->\n<title>Hallux Valgus: Surgery or Not? Dr. Lisca Drittenbass Explains - Centre Assal<\/title>\n<meta name=\"description\" content=\"Dr. Lisca Drittenbass dispels myths about hallux valgus, its causes, surgical options, and recovery in an exclusive interview for UN Today magazine.\" \/>\n<meta name=\"robots\" content=\"index, follow, max-snippet:-1, max-image-preview:large, max-video-preview:-1\" \/>\n<link rel=\"canonical\" href=\"https:\/\/centre-assal.ch\/en\/actualites\/hallux-valgus-surgery-or-no-surgery-that-is-the-question\/\" \/>\n<meta property=\"og:locale\" content=\"en_GB\" \/>\n<meta property=\"og:type\" content=\"article\" \/>\n<meta property=\"og:title\" content=\"Hallux Valgus: Surgery or Not? Dr. Lisca Drittenbass Explains - Centre Assal\" \/>\n<meta property=\"og:description\" content=\"Dr. Lisca Drittenbass dispels myths about hallux valgus, its causes, surgical options, and recovery in an exclusive interview for UN Today magazine.\" \/>\n<meta property=\"og:url\" content=\"https:\/\/centre-assal.ch\/en\/actualites\/hallux-valgus-surgery-or-no-surgery-that-is-the-question\/\" \/>\n<meta property=\"og:site_name\" content=\"Centre Assal\" \/>\n<meta property=\"article:published_time\" content=\"2022-04-08T06:50:47+00:00\" \/>\n<meta property=\"article:modified_time\" content=\"2025-10-13T01:07:22+00:00\" \/>\n<meta property=\"og:image\" content=\"https:\/\/centre-assal.ch\/wp-content\/uploads\/2025\/05\/a37.jpg\" \/>\n\t<meta property=\"og:image:width\" content=\"959\" \/>\n\t<meta property=\"og:image:height\" content=\"720\" \/>\n\t<meta property=\"og:image:type\" content=\"image\/jpeg\" \/>\n<meta name=\"author\" content=\"Alain\" \/>\n<meta name=\"twitter:card\" content=\"summary_large_image\" \/>\n<meta name=\"twitter:label1\" content=\"Written by\" \/>\n\t<meta name=\"twitter:data1\" content=\"Alain\" \/>\n\t<meta name=\"twitter:label2\" content=\"Estimated reading time\" \/>\n\t<meta name=\"twitter:data2\" content=\"1 minute\" \/>\n<script type=\"application\/ld+json\" class=\"yoast-schema-graph\">{\"@context\":\"https:\\\/\\\/schema.org\",\"@graph\":[{\"@type\":\"Article\",\"@id\":\"https:\\\/\\\/centre-assal.ch\\\/actualites\\\/hallux-valgus-surgery-or-no-surgery-that-is-the-question\\\/#article\",\"isPartOf\":{\"@id\":\"https:\\\/\\\/centre-assal.ch\\\/actualites\\\/hallux-valgus-surgery-or-no-surgery-that-is-the-question\\\/\"},\"author\":{\"name\":\"Alain\",\"@id\":\"https:\\\/\\\/centre-assal.ch\\\/#\\\/schema\\\/person\\\/fc0cbac9ac126e65102771a32d052f5c\"},\"headline\":\"Hallux valgus &#8211; Surgery or no surgery, that is the question&#8230;\",\"datePublished\":\"2022-04-08T06:50:47+00:00\",\"dateModified\":\"2025-10-13T01:07:22+00:00\",\"mainEntityOfPage\":{\"@id\":\"https:\\\/\\\/centre-assal.ch\\\/actualites\\\/hallux-valgus-surgery-or-no-surgery-that-is-the-question\\\/\"},\"wordCount\":86,\"commentCount\":0,\"publisher\":{\"@id\":\"https:\\\/\\\/centre-assal.ch\\\/#organization\"},\"image\":{\"@id\":\"https:\\\/\\\/centre-assal.ch\\\/actualites\\\/hallux-valgus-surgery-or-no-surgery-that-is-the-question\\\/#primaryimage\"},\"thumbnailUrl\":\"https:\\\/\\\/centre-assal.ch\\\/wp-content\\\/uploads\\\/2025\\\/05\\\/a37.jpg\",\"articleSection\":[\"M\u00e9dias\"],\"inLanguage\":\"en-GB\",\"potentialAction\":[{\"@type\":\"CommentAction\",\"name\":\"Comment\",\"target\":[\"https:\\\/\\\/centre-assal.ch\\\/actualites\\\/hallux-valgus-surgery-or-no-surgery-that-is-the-question\\\/#respond\"]}]},{\"@type\":\"WebPage\",\"@id\":\"https:\\\/\\\/centre-assal.ch\\\/actualites\\\/hallux-valgus-surgery-or-no-surgery-that-is-the-question\\\/\",\"url\":\"https:\\\/\\\/centre-assal.ch\\\/actualites\\\/hallux-valgus-surgery-or-no-surgery-that-is-the-question\\\/\",\"name\":\"Hallux Valgus: Surgery or Not? Dr. Lisca Drittenbass Explains - Centre Assal\",\"isPartOf\":{\"@id\":\"https:\\\/\\\/centre-assal.ch\\\/#website\"},\"primaryImageOfPage\":{\"@id\":\"https:\\\/\\\/centre-assal.ch\\\/actualites\\\/hallux-valgus-surgery-or-no-surgery-that-is-the-question\\\/#primaryimage\"},\"image\":{\"@id\":\"https:\\\/\\\/centre-assal.ch\\\/actualites\\\/hallux-valgus-surgery-or-no-surgery-that-is-the-question\\\/#primaryimage\"},\"thumbnailUrl\":\"https:\\\/\\\/centre-assal.ch\\\/wp-content\\\/uploads\\\/2025\\\/05\\\/a37.jpg\",\"datePublished\":\"2022-04-08T06:50:47+00:00\",\"dateModified\":\"2025-10-13T01:07:22+00:00\",\"description\":\"Dr. Lisca Drittenbass dispels myths about hallux valgus, its causes, surgical options, and recovery in an exclusive interview for UN Today magazine.\",\"breadcrumb\":{\"@id\":\"https:\\\/\\\/centre-assal.ch\\\/actualites\\\/hallux-valgus-surgery-or-no-surgery-that-is-the-question\\\/#breadcrumb\"},\"inLanguage\":\"en-GB\",\"potentialAction\":[{\"@type\":\"ReadAction\",\"target\":[\"https:\\\/\\\/centre-assal.ch\\\/actualites\\\/hallux-valgus-surgery-or-no-surgery-that-is-the-question\\\/\"]}]},{\"@type\":\"ImageObject\",\"inLanguage\":\"en-GB\",\"@id\":\"https:\\\/\\\/centre-assal.ch\\\/actualites\\\/hallux-valgus-surgery-or-no-surgery-that-is-the-question\\\/#primaryimage\",\"url\":\"https:\\\/\\\/centre-assal.ch\\\/wp-content\\\/uploads\\\/2025\\\/05\\\/a37.jpg\",\"contentUrl\":\"https:\\\/\\\/centre-assal.ch\\\/wp-content\\\/uploads\\\/2025\\\/05\\\/a37.jpg\",\"width\":959,\"height\":720,\"caption\":\"Hallux valgus\"},{\"@type\":\"BreadcrumbList\",\"@id\":\"https:\\\/\\\/centre-assal.ch\\\/actualites\\\/hallux-valgus-surgery-or-no-surgery-that-is-the-question\\\/#breadcrumb\",\"itemListElement\":[{\"@type\":\"ListItem\",\"position\":1,\"name\":\"Home\",\"item\":\"https:\\\/\\\/centre-assal.ch\\\/\"},{\"@type\":\"ListItem\",\"position\":2,\"name\":\"Hallux valgus &#8211; Surgery or no surgery, that is the question&#8230;\"}]},{\"@type\":\"WebSite\",\"@id\":\"https:\\\/\\\/centre-assal.ch\\\/#website\",\"url\":\"https:\\\/\\\/centre-assal.ch\\\/\",\"name\":\"Centre Assal\",\"description\":\"\",\"publisher\":{\"@id\":\"https:\\\/\\\/centre-assal.ch\\\/#organization\"},\"potentialAction\":[{\"@type\":\"SearchAction\",\"target\":{\"@type\":\"EntryPoint\",\"urlTemplate\":\"https:\\\/\\\/centre-assal.ch\\\/?s={search_term_string}\"},\"query-input\":{\"@type\":\"PropertyValueSpecification\",\"valueRequired\":true,\"valueName\":\"search_term_string\"}}],\"inLanguage\":\"en-GB\"},{\"@type\":\"Organization\",\"@id\":\"https:\\\/\\\/centre-assal.ch\\\/#organization\",\"name\":\"Centre Assal\",\"url\":\"https:\\\/\\\/centre-assal.ch\\\/\",\"logo\":{\"@type\":\"ImageObject\",\"inLanguage\":\"en-GB\",\"@id\":\"https:\\\/\\\/centre-assal.ch\\\/#\\\/schema\\\/logo\\\/image\\\/\",\"url\":\"https:\\\/\\\/centre-assal.ch\\\/wp-content\\\/uploads\\\/2025\\\/03\\\/Logo_CentreAssal_RVB-11.png\",\"contentUrl\":\"https:\\\/\\\/centre-assal.ch\\\/wp-content\\\/uploads\\\/2025\\\/03\\\/Logo_CentreAssal_RVB-11.png\",\"width\":220,\"height\":114,\"caption\":\"Centre Assal\"},\"image\":{\"@id\":\"https:\\\/\\\/centre-assal.ch\\\/#\\\/schema\\\/logo\\\/image\\\/\"},\"sameAs\":[\"https:\\\/\\\/www.instagram.com\\\/centre_assal\\\/\",\"https:\\\/\\\/www.linkedin.com\\\/company\\\/centre-assal\"]},{\"@type\":\"Person\",\"@id\":\"https:\\\/\\\/centre-assal.ch\\\/#\\\/schema\\\/person\\\/fc0cbac9ac126e65102771a32d052f5c\",\"name\":\"Alain\",\"image\":{\"@type\":\"ImageObject\",\"inLanguage\":\"en-GB\",\"@id\":\"https:\\\/\\\/secure.gravatar.com\\\/avatar\\\/0e2bb32354a79891053383275ff39db8d114e6203adecc08497d52668cf8baac?s=96&d=mm&r=g\",\"url\":\"https:\\\/\\\/secure.gravatar.com\\\/avatar\\\/0e2bb32354a79891053383275ff39db8d114e6203adecc08497d52668cf8baac?s=96&d=mm&r=g\",\"contentUrl\":\"https:\\\/\\\/secure.gravatar.com\\\/avatar\\\/0e2bb32354a79891053383275ff39db8d114e6203adecc08497d52668cf8baac?s=96&d=mm&r=g\",\"caption\":\"Alain\"},\"url\":\"https:\\\/\\\/centre-assal.ch\\\/en\\\/author\\\/alain\\\/\"}]}<\/script>\n<!-- \/ Yoast SEO plugin. -->","yoast_head_json":{"title":"Hallux Valgus: Surgery or Not? Dr. Lisca Drittenbass Explains - Centre Assal","description":"Dr. Lisca Drittenbass dispels myths about hallux valgus, its causes, surgical options, and recovery in an exclusive interview for UN Today magazine.","robots":{"index":"index","follow":"follow","max-snippet":"max-snippet:-1","max-image-preview":"max-image-preview:large","max-video-preview":"max-video-preview:-1"},"canonical":"https:\/\/centre-assal.ch\/en\/actualites\/hallux-valgus-surgery-or-no-surgery-that-is-the-question\/","og_locale":"en_GB","og_type":"article","og_title":"Hallux Valgus: Surgery or Not? Dr. Lisca Drittenbass Explains - Centre Assal","og_description":"Dr. Lisca Drittenbass dispels myths about hallux valgus, its causes, surgical options, and recovery in an exclusive interview for UN Today magazine.","og_url":"https:\/\/centre-assal.ch\/en\/actualites\/hallux-valgus-surgery-or-no-surgery-that-is-the-question\/","og_site_name":"Centre Assal","article_published_time":"2022-04-08T06:50:47+00:00","article_modified_time":"2025-10-13T01:07:22+00:00","og_image":[{"width":959,"height":720,"url":"https:\/\/centre-assal.ch\/wp-content\/uploads\/2025\/05\/a37.jpg","type":"image\/jpeg"}],"author":"Alain","twitter_card":"summary_large_image","twitter_misc":{"Written by":"Alain","Estimated reading time":"1 minute"},"schema":{"@context":"https:\/\/schema.org","@graph":[{"@type":"Article","@id":"https:\/\/centre-assal.ch\/actualites\/hallux-valgus-surgery-or-no-surgery-that-is-the-question\/#article","isPartOf":{"@id":"https:\/\/centre-assal.ch\/actualites\/hallux-valgus-surgery-or-no-surgery-that-is-the-question\/"},"author":{"name":"Alain","@id":"https:\/\/centre-assal.ch\/#\/schema\/person\/fc0cbac9ac126e65102771a32d052f5c"},"headline":"Hallux valgus &#8211; Surgery or no surgery, that is the question&#8230;","datePublished":"2022-04-08T06:50:47+00:00","dateModified":"2025-10-13T01:07:22+00:00","mainEntityOfPage":{"@id":"https:\/\/centre-assal.ch\/actualites\/hallux-valgus-surgery-or-no-surgery-that-is-the-question\/"},"wordCount":86,"commentCount":0,"publisher":{"@id":"https:\/\/centre-assal.ch\/#organization"},"image":{"@id":"https:\/\/centre-assal.ch\/actualites\/hallux-valgus-surgery-or-no-surgery-that-is-the-question\/#primaryimage"},"thumbnailUrl":"https:\/\/centre-assal.ch\/wp-content\/uploads\/2025\/05\/a37.jpg","articleSection":["M\u00e9dias"],"inLanguage":"en-GB","potentialAction":[{"@type":"CommentAction","name":"Comment","target":["https:\/\/centre-assal.ch\/actualites\/hallux-valgus-surgery-or-no-surgery-that-is-the-question\/#respond"]}]},{"@type":"WebPage","@id":"https:\/\/centre-assal.ch\/actualites\/hallux-valgus-surgery-or-no-surgery-that-is-the-question\/","url":"https:\/\/centre-assal.ch\/actualites\/hallux-valgus-surgery-or-no-surgery-that-is-the-question\/","name":"Hallux Valgus: Surgery or Not? Dr. Lisca Drittenbass Explains - Centre Assal","isPartOf":{"@id":"https:\/\/centre-assal.ch\/#website"},"primaryImageOfPage":{"@id":"https:\/\/centre-assal.ch\/actualites\/hallux-valgus-surgery-or-no-surgery-that-is-the-question\/#primaryimage"},"image":{"@id":"https:\/\/centre-assal.ch\/actualites\/hallux-valgus-surgery-or-no-surgery-that-is-the-question\/#primaryimage"},"thumbnailUrl":"https:\/\/centre-assal.ch\/wp-content\/uploads\/2025\/05\/a37.jpg","datePublished":"2022-04-08T06:50:47+00:00","dateModified":"2025-10-13T01:07:22+00:00","description":"Dr. Lisca Drittenbass dispels myths about hallux valgus, its causes, surgical options, and recovery in an exclusive interview for UN Today magazine.","breadcrumb":{"@id":"https:\/\/centre-assal.ch\/actualites\/hallux-valgus-surgery-or-no-surgery-that-is-the-question\/#breadcrumb"},"inLanguage":"en-GB","potentialAction":[{"@type":"ReadAction","target":["https:\/\/centre-assal.ch\/actualites\/hallux-valgus-surgery-or-no-surgery-that-is-the-question\/"]}]},{"@type":"ImageObject","inLanguage":"en-GB","@id":"https:\/\/centre-assal.ch\/actualites\/hallux-valgus-surgery-or-no-surgery-that-is-the-question\/#primaryimage","url":"https:\/\/centre-assal.ch\/wp-content\/uploads\/2025\/05\/a37.jpg","contentUrl":"https:\/\/centre-assal.ch\/wp-content\/uploads\/2025\/05\/a37.jpg","width":959,"height":720,"caption":"Hallux valgus"},{"@type":"BreadcrumbList","@id":"https:\/\/centre-assal.ch\/actualites\/hallux-valgus-surgery-or-no-surgery-that-is-the-question\/#breadcrumb","itemListElement":[{"@type":"ListItem","position":1,"name":"Home","item":"https:\/\/centre-assal.ch\/"},{"@type":"ListItem","position":2,"name":"Hallux valgus &#8211; Surgery or no surgery, that is the question&#8230;"}]},{"@type":"WebSite","@id":"https:\/\/centre-assal.ch\/#website","url":"https:\/\/centre-assal.ch\/","name":"Centre Assal","description":"","publisher":{"@id":"https:\/\/centre-assal.ch\/#organization"},"potentialAction":[{"@type":"SearchAction","target":{"@type":"EntryPoint","urlTemplate":"https:\/\/centre-assal.ch\/?s={search_term_string}"},"query-input":{"@type":"PropertyValueSpecification","valueRequired":true,"valueName":"search_term_string"}}],"inLanguage":"en-GB"},{"@type":"Organization","@id":"https:\/\/centre-assal.ch\/#organization","name":"Centre Assal","url":"https:\/\/centre-assal.ch\/","logo":{"@type":"ImageObject","inLanguage":"en-GB","@id":"https:\/\/centre-assal.ch\/#\/schema\/logo\/image\/","url":"https:\/\/centre-assal.ch\/wp-content\/uploads\/2025\/03\/Logo_CentreAssal_RVB-11.png","contentUrl":"https:\/\/centre-assal.ch\/wp-content\/uploads\/2025\/03\/Logo_CentreAssal_RVB-11.png","width":220,"height":114,"caption":"Centre Assal"},"image":{"@id":"https:\/\/centre-assal.ch\/#\/schema\/logo\/image\/"},"sameAs":["https:\/\/www.instagram.com\/centre_assal\/","https:\/\/www.linkedin.com\/company\/centre-assal"]},{"@type":"Person","@id":"https:\/\/centre-assal.ch\/#\/schema\/person\/fc0cbac9ac126e65102771a32d052f5c","name":"Alain","image":{"@type":"ImageObject","inLanguage":"en-GB","@id":"https:\/\/secure.gravatar.com\/avatar\/0e2bb32354a79891053383275ff39db8d114e6203adecc08497d52668cf8baac?s=96&d=mm&r=g","url":"https:\/\/secure.gravatar.com\/avatar\/0e2bb32354a79891053383275ff39db8d114e6203adecc08497d52668cf8baac?s=96&d=mm&r=g","contentUrl":"https:\/\/secure.gravatar.com\/avatar\/0e2bb32354a79891053383275ff39db8d114e6203adecc08497d52668cf8baac?s=96&d=mm&r=g","caption":"Alain"},"url":"https:\/\/centre-assal.ch\/en\/author\/alain\/"}]}},"_links":{"self":[{"href":"https:\/\/centre-assal.ch\/en\/wp-json\/wp\/v2\/posts\/13300","targetHints":{"allow":["GET"]}}],"collection":[{"href":"https:\/\/centre-assal.ch\/en\/wp-json\/wp\/v2\/posts"}],"about":[{"href":"https:\/\/centre-assal.ch\/en\/wp-json\/wp\/v2\/types\/post"}],"author":[{"embeddable":true,"href":"https:\/\/centre-assal.ch\/en\/wp-json\/wp\/v2\/users\/9"}],"replies":[{"embeddable":true,"href":"https:\/\/centre-assal.ch\/en\/wp-json\/wp\/v2\/comments?post=13300"}],"version-history":[{"count":1,"href":"https:\/\/centre-assal.ch\/en\/wp-json\/wp\/v2\/posts\/13300\/revisions"}],"predecessor-version":[{"id":17736,"href":"https:\/\/centre-assal.ch\/en\/wp-json\/wp\/v2\/posts\/13300\/revisions\/17736"}],"wp:featuredmedia":[{"embeddable":true,"href":"https:\/\/centre-assal.ch\/en\/wp-json\/wp\/v2\/media\/13303"}],"wp:attachment":[{"href":"https:\/\/centre-assal.ch\/en\/wp-json\/wp\/v2\/media?parent=13300"}],"wp:term":[{"taxonomy":"category","embeddable":true,"href":"https:\/\/centre-assal.ch\/en\/wp-json\/wp\/v2\/categories?post=13300"},{"taxonomy":"post_tag","embeddable":true,"href":"https:\/\/centre-assal.ch\/en\/wp-json\/wp\/v2\/tags?post=13300"}],"curies":[{"name":"wp","href":"https:\/\/api.w.org\/{rel}","templated":true}]}}