{"id":13395,"date":"2021-05-20T08:50:47","date_gmt":"2021-05-20T06:50:47","guid":{"rendered":"https:\/\/preview.centre-assal.ch\/actualites\/\/"},"modified":"2025-10-13T03:40:56","modified_gmt":"2025-10-13T01:40:56","slug":"formations-et-ateliers-le-pied-et-la-cheville-un-premier-essai-reussi","status":"publish","type":"post","link":"https:\/\/centre-assal.ch\/en\/actualites\/formations-et-ateliers-le-pied-et-la-cheville-un-premier-essai-reussi\/","title":{"rendered":"Trainings and Workshops \u201cThe Foot and Ankle\u201d: a Successful First Attempt"},"content":{"rendered":"<p class=\"translation-block\">On May 6 and 20, 2021, the first \u201cFoot and Ankle\u201d trainings and workshops of the ASSAL Center and <a href=\"https:\/\/www.hirslanden.ch\/fr\/clinique-la-colline\/home.html\" target=\"_self\">Hirslanden Clinique La Colline<\/a> took place, led by <a href=\"https:\/\/centre-assal.ch\/en\/equipe\/dr-lisca-drittenbass-m-d\/\" target=\"_self\">Dr. Drittenbass<\/a>, <a href=\"https:\/\/centre-assal.ch\/en\/equipe\/pd-dr-mathieu-assal\/\" target=\"_self\">PD Dr. Assal<\/a>, and <a href=\"https:\/\/centre-assal.ch\/en\/equipe\/dr-antoine-acker\/\" target=\"_self\">Dr. Acker<\/a>. This program was specially dedicated to general practitioners wishing to deepen their knowledge of the examination and treatment of the foot and ankle.<\/p>\n<p>Organized in a small group with three practical workshops, this training provided an opportunity for personal interaction with the general practitioners present and to offer precise and well-supported answers to each question asked.<\/p>\n<p>A cocktail reception brought this friendly learning experience to a close. The ASSAL Center would like to congratulate and thank the participants and is pleased to share a few photos of the event with you.<\/p>\n<p class=\"translation-block\">Check out our upcoming trainings <a href=\"https:\/\/centre-assal.ch\/en\/activites-scientifiques\/nos-formations\/\" target=\"_self\">here<\/a>.<\/p>","protected":false},"excerpt":{"rendered":"<p>Les 6 et 20 mai 2021 ont eu lieu\u00a0les premie\u0300res formations et ateliers \u00ab Le Pied et la Cheville \u00bb\u00a0du Centre ASSAL\u00a0et de\u00a0Hirslanden Clinique La Colline\u00a0 anim\u00e9s par\u00a0Dr Drittenbass, PD Dr Assal et Dr Acker. Cette formule e\u0301tait spe\u0301cialement de\u0301die\u0301e aux me\u0301decins ge\u0301ne\u0301ralistes souhaitant approfondir leurs connaissances en matie\u0300re d\u2019examen et de traitement du pied [&hellip;]<\/p>\n","protected":false},"author":9,"featured_media":13399,"comment_status":"open","ping_status":"open","sticky":false,"template":"","format":"standard","meta":{"_acf_changed":false,"footnotes":""},"categories":[37],"tags":[],"class_list":["post-13395","post","type-post","status-publish","format-standard","has-post-thumbnail","hentry","category-enseignement-fr"],"acf":[],"yoast_head":"<!-- This site is optimized with the Yoast SEO plugin v27.4 - https:\/\/yoast.com\/product\/yoast-seo-wordpress\/ -->\n<title>Formations \u00ab Pied et Cheville \u00bb : un premier succ\u00e8s - Centre Assal<\/title>\n<meta name=\"description\" content=\"Retour sur les premi\u00e8res formations \u00ab Le Pied et la Cheville \u00bb du Centre ASSAL et de Hirslanden Clinique La Colline, d\u00e9di\u00e9es aux m\u00e9decins g\u00e9n\u00e9ralistes.\" \/>\n<meta name=\"robots\" content=\"index, follow, max-snippet:-1, max-image-preview:large, max-video-preview:-1\" \/>\n<link rel=\"canonical\" href=\"https:\/\/centre-assal.ch\/en\/actualites\/formations-et-ateliers-le-pied-et-la-cheville-un-premier-essai-reussi\/\" \/>\n<meta property=\"og:locale\" content=\"en_GB\" \/>\n<meta property=\"og:type\" content=\"article\" \/>\n<meta property=\"og:title\" content=\"Formations \u00ab Pied et Cheville \u00bb : un premier succ\u00e8s - Centre Assal\" \/>\n<meta property=\"og:description\" content=\"Retour sur les premi\u00e8res formations \u00ab Le Pied et la Cheville \u00bb du Centre ASSAL et de Hirslanden Clinique La Colline, d\u00e9di\u00e9es aux m\u00e9decins g\u00e9n\u00e9ralistes.\" \/>\n<meta property=\"og:url\" content=\"https:\/\/centre-assal.ch\/en\/actualites\/formations-et-ateliers-le-pied-et-la-cheville-un-premier-essai-reussi\/\" \/>\n<meta property=\"og:site_name\" content=\"Centre Assal\" \/>\n<meta property=\"article:published_time\" content=\"2021-05-20T06:50:47+00:00\" \/>\n<meta property=\"article:modified_time\" content=\"2025-10-13T01:40:56+00:00\" \/>\n<meta property=\"og:image\" content=\"https:\/\/centre-assal.ch\/wp-content\/uploads\/2025\/05\/a41.jpg\" \/>\n\t<meta property=\"og:image:width\" content=\"960\" \/>\n\t<meta property=\"og:image:height\" content=\"719\" \/>\n\t<meta property=\"og:image:type\" content=\"image\/jpeg\" \/>\n<meta name=\"author\" content=\"Alain\" \/>\n<meta name=\"twitter:card\" content=\"summary_large_image\" \/>\n<meta name=\"twitter:label1\" content=\"Written by\" \/>\n\t<meta name=\"twitter:data1\" content=\"Alain\" \/>\n\t<meta name=\"twitter:label2\" content=\"Estimated reading time\" \/>\n\t<meta name=\"twitter:data2\" content=\"1 minute\" \/>\n<script type=\"application\/ld+json\" class=\"yoast-schema-graph\">{\"@context\":\"https:\\\/\\\/schema.org\",\"@graph\":[{\"@type\":\"Article\",\"@id\":\"https:\\\/\\\/centre-assal.ch\\\/actualites\\\/formations-et-ateliers-le-pied-et-la-cheville-un-premier-essai-reussi\\\/#article\",\"isPartOf\":{\"@id\":\"https:\\\/\\\/centre-assal.ch\\\/actualites\\\/formations-et-ateliers-le-pied-et-la-cheville-un-premier-essai-reussi\\\/\"},\"author\":{\"name\":\"Alain\",\"@id\":\"https:\\\/\\\/centre-assal.ch\\\/#\\\/schema\\\/person\\\/fc0cbac9ac126e65102771a32d052f5c\"},\"headline\":\"Formations et Ateliers \u00ab Le pied et la cheville \u00bb : un premier essai r\u00e9ussi\",\"datePublished\":\"2021-05-20T06:50:47+00:00\",\"dateModified\":\"2025-10-13T01:40:56+00:00\",\"mainEntityOfPage\":{\"@id\":\"https:\\\/\\\/centre-assal.ch\\\/actualites\\\/formations-et-ateliers-le-pied-et-la-cheville-un-premier-essai-reussi\\\/\"},\"wordCount\":167,\"commentCount\":0,\"publisher\":{\"@id\":\"https:\\\/\\\/centre-assal.ch\\\/#organization\"},\"image\":{\"@id\":\"https:\\\/\\\/centre-assal.ch\\\/actualites\\\/formations-et-ateliers-le-pied-et-la-cheville-un-premier-essai-reussi\\\/#primaryimage\"},\"thumbnailUrl\":\"https:\\\/\\\/centre-assal.ch\\\/wp-content\\\/uploads\\\/2025\\\/05\\\/a41.jpg\",\"articleSection\":[\"Enseignement\"],\"inLanguage\":\"en-GB\",\"potentialAction\":[{\"@type\":\"CommentAction\",\"name\":\"Comment\",\"target\":[\"https:\\\/\\\/centre-assal.ch\\\/actualites\\\/formations-et-ateliers-le-pied-et-la-cheville-un-premier-essai-reussi\\\/#respond\"]}]},{\"@type\":\"WebPage\",\"@id\":\"https:\\\/\\\/centre-assal.ch\\\/actualites\\\/formations-et-ateliers-le-pied-et-la-cheville-un-premier-essai-reussi\\\/\",\"url\":\"https:\\\/\\\/centre-assal.ch\\\/actualites\\\/formations-et-ateliers-le-pied-et-la-cheville-un-premier-essai-reussi\\\/\",\"name\":\"Formations \u00ab Pied et Cheville \u00bb : un premier succ\u00e8s - Centre Assal\",\"isPartOf\":{\"@id\":\"https:\\\/\\\/centre-assal.ch\\\/#website\"},\"primaryImageOfPage\":{\"@id\":\"https:\\\/\\\/centre-assal.ch\\\/actualites\\\/formations-et-ateliers-le-pied-et-la-cheville-un-premier-essai-reussi\\\/#primaryimage\"},\"image\":{\"@id\":\"https:\\\/\\\/centre-assal.ch\\\/actualites\\\/formations-et-ateliers-le-pied-et-la-cheville-un-premier-essai-reussi\\\/#primaryimage\"},\"thumbnailUrl\":\"https:\\\/\\\/centre-assal.ch\\\/wp-content\\\/uploads\\\/2025\\\/05\\\/a41.jpg\",\"datePublished\":\"2021-05-20T06:50:47+00:00\",\"dateModified\":\"2025-10-13T01:40:56+00:00\",\"description\":\"Retour sur les premi\u00e8res formations \u00ab Le Pied et la Cheville \u00bb du Centre ASSAL et de Hirslanden Clinique La Colline, d\u00e9di\u00e9es aux m\u00e9decins g\u00e9n\u00e9ralistes.\",\"breadcrumb\":{\"@id\":\"https:\\\/\\\/centre-assal.ch\\\/actualites\\\/formations-et-ateliers-le-pied-et-la-cheville-un-premier-essai-reussi\\\/#breadcrumb\"},\"inLanguage\":\"en-GB\",\"potentialAction\":[{\"@type\":\"ReadAction\",\"target\":[\"https:\\\/\\\/centre-assal.ch\\\/actualites\\\/formations-et-ateliers-le-pied-et-la-cheville-un-premier-essai-reussi\\\/\"]}]},{\"@type\":\"ImageObject\",\"inLanguage\":\"en-GB\",\"@id\":\"https:\\\/\\\/centre-assal.ch\\\/actualites\\\/formations-et-ateliers-le-pied-et-la-cheville-un-premier-essai-reussi\\\/#primaryimage\",\"url\":\"https:\\\/\\\/centre-assal.ch\\\/wp-content\\\/uploads\\\/2025\\\/05\\\/a41.jpg\",\"contentUrl\":\"https:\\\/\\\/centre-assal.ch\\\/wp-content\\\/uploads\\\/2025\\\/05\\\/a41.jpg\",\"width\":960,\"height\":719,\"caption\":\"Le pied et la cheville\"},{\"@type\":\"BreadcrumbList\",\"@id\":\"https:\\\/\\\/centre-assal.ch\\\/actualites\\\/formations-et-ateliers-le-pied-et-la-cheville-un-premier-essai-reussi\\\/#breadcrumb\",\"itemListElement\":[{\"@type\":\"ListItem\",\"position\":1,\"name\":\"Home\",\"item\":\"https:\\\/\\\/centre-assal.ch\\\/\"},{\"@type\":\"ListItem\",\"position\":2,\"name\":\"Formations et Ateliers \u00ab Le pied et la cheville \u00bb : un premier essai r\u00e9ussi\"}]},{\"@type\":\"WebSite\",\"@id\":\"https:\\\/\\\/centre-assal.ch\\\/#website\",\"url\":\"https:\\\/\\\/centre-assal.ch\\\/\",\"name\":\"Centre Assal\",\"description\":\"\",\"publisher\":{\"@id\":\"https:\\\/\\\/centre-assal.ch\\\/#organization\"},\"potentialAction\":[{\"@type\":\"SearchAction\",\"target\":{\"@type\":\"EntryPoint\",\"urlTemplate\":\"https:\\\/\\\/centre-assal.ch\\\/?s={search_term_string}\"},\"query-input\":{\"@type\":\"PropertyValueSpecification\",\"valueRequired\":true,\"valueName\":\"search_term_string\"}}],\"inLanguage\":\"en-GB\"},{\"@type\":\"Organization\",\"@id\":\"https:\\\/\\\/centre-assal.ch\\\/#organization\",\"name\":\"Centre Assal\",\"url\":\"https:\\\/\\\/centre-assal.ch\\\/\",\"logo\":{\"@type\":\"ImageObject\",\"inLanguage\":\"en-GB\",\"@id\":\"https:\\\/\\\/centre-assal.ch\\\/#\\\/schema\\\/logo\\\/image\\\/\",\"url\":\"https:\\\/\\\/centre-assal.ch\\\/wp-content\\\/uploads\\\/2025\\\/03\\\/Logo_CentreAssal_RVB-11.png\",\"contentUrl\":\"https:\\\/\\\/centre-assal.ch\\\/wp-content\\\/uploads\\\/2025\\\/03\\\/Logo_CentreAssal_RVB-11.png\",\"width\":220,\"height\":114,\"caption\":\"Centre Assal\"},\"image\":{\"@id\":\"https:\\\/\\\/centre-assal.ch\\\/#\\\/schema\\\/logo\\\/image\\\/\"},\"sameAs\":[\"https:\\\/\\\/www.instagram.com\\\/centre_assal\\\/\",\"https:\\\/\\\/www.linkedin.com\\\/company\\\/centre-assal\"]},{\"@type\":\"Person\",\"@id\":\"https:\\\/\\\/centre-assal.ch\\\/#\\\/schema\\\/person\\\/fc0cbac9ac126e65102771a32d052f5c\",\"name\":\"Alain\",\"image\":{\"@type\":\"ImageObject\",\"inLanguage\":\"en-GB\",\"@id\":\"https:\\\/\\\/secure.gravatar.com\\\/avatar\\\/0e2bb32354a79891053383275ff39db8d114e6203adecc08497d52668cf8baac?s=96&d=mm&r=g\",\"url\":\"https:\\\/\\\/secure.gravatar.com\\\/avatar\\\/0e2bb32354a79891053383275ff39db8d114e6203adecc08497d52668cf8baac?s=96&d=mm&r=g\",\"contentUrl\":\"https:\\\/\\\/secure.gravatar.com\\\/avatar\\\/0e2bb32354a79891053383275ff39db8d114e6203adecc08497d52668cf8baac?s=96&d=mm&r=g\",\"caption\":\"Alain\"},\"url\":\"https:\\\/\\\/centre-assal.ch\\\/en\\\/author\\\/alain\\\/\"}]}<\/script>\n<!-- \/ Yoast SEO plugin. -->","yoast_head_json":{"title":"Formations \u00ab Pied et Cheville \u00bb : un premier succ\u00e8s - Centre Assal","description":"Retour sur les premi\u00e8res formations \u00ab Le Pied et la Cheville \u00bb du Centre ASSAL et de Hirslanden Clinique La Colline, d\u00e9di\u00e9es aux m\u00e9decins g\u00e9n\u00e9ralistes.","robots":{"index":"index","follow":"follow","max-snippet":"max-snippet:-1","max-image-preview":"max-image-preview:large","max-video-preview":"max-video-preview:-1"},"canonical":"https:\/\/centre-assal.ch\/en\/actualites\/formations-et-ateliers-le-pied-et-la-cheville-un-premier-essai-reussi\/","og_locale":"en_GB","og_type":"article","og_title":"Formations \u00ab Pied et Cheville \u00bb : un premier succ\u00e8s - Centre Assal","og_description":"Retour sur les premi\u00e8res formations \u00ab Le Pied et la Cheville \u00bb du Centre ASSAL et de Hirslanden Clinique La Colline, d\u00e9di\u00e9es aux m\u00e9decins g\u00e9n\u00e9ralistes.","og_url":"https:\/\/centre-assal.ch\/en\/actualites\/formations-et-ateliers-le-pied-et-la-cheville-un-premier-essai-reussi\/","og_site_name":"Centre Assal","article_published_time":"2021-05-20T06:50:47+00:00","article_modified_time":"2025-10-13T01:40:56+00:00","og_image":[{"width":960,"height":719,"url":"https:\/\/centre-assal.ch\/wp-content\/uploads\/2025\/05\/a41.jpg","type":"image\/jpeg"}],"author":"Alain","twitter_card":"summary_large_image","twitter_misc":{"Written by":"Alain","Estimated reading time":"1 minute"},"schema":{"@context":"https:\/\/schema.org","@graph":[{"@type":"Article","@id":"https:\/\/centre-assal.ch\/actualites\/formations-et-ateliers-le-pied-et-la-cheville-un-premier-essai-reussi\/#article","isPartOf":{"@id":"https:\/\/centre-assal.ch\/actualites\/formations-et-ateliers-le-pied-et-la-cheville-un-premier-essai-reussi\/"},"author":{"name":"Alain","@id":"https:\/\/centre-assal.ch\/#\/schema\/person\/fc0cbac9ac126e65102771a32d052f5c"},"headline":"Formations et Ateliers \u00ab Le pied et la cheville \u00bb : un premier essai r\u00e9ussi","datePublished":"2021-05-20T06:50:47+00:00","dateModified":"2025-10-13T01:40:56+00:00","mainEntityOfPage":{"@id":"https:\/\/centre-assal.ch\/actualites\/formations-et-ateliers-le-pied-et-la-cheville-un-premier-essai-reussi\/"},"wordCount":167,"commentCount":0,"publisher":{"@id":"https:\/\/centre-assal.ch\/#organization"},"image":{"@id":"https:\/\/centre-assal.ch\/actualites\/formations-et-ateliers-le-pied-et-la-cheville-un-premier-essai-reussi\/#primaryimage"},"thumbnailUrl":"https:\/\/centre-assal.ch\/wp-content\/uploads\/2025\/05\/a41.jpg","articleSection":["Enseignement"],"inLanguage":"en-GB","potentialAction":[{"@type":"CommentAction","name":"Comment","target":["https:\/\/centre-assal.ch\/actualites\/formations-et-ateliers-le-pied-et-la-cheville-un-premier-essai-reussi\/#respond"]}]},{"@type":"WebPage","@id":"https:\/\/centre-assal.ch\/actualites\/formations-et-ateliers-le-pied-et-la-cheville-un-premier-essai-reussi\/","url":"https:\/\/centre-assal.ch\/actualites\/formations-et-ateliers-le-pied-et-la-cheville-un-premier-essai-reussi\/","name":"Formations \u00ab Pied et Cheville \u00bb : un premier succ\u00e8s - Centre Assal","isPartOf":{"@id":"https:\/\/centre-assal.ch\/#website"},"primaryImageOfPage":{"@id":"https:\/\/centre-assal.ch\/actualites\/formations-et-ateliers-le-pied-et-la-cheville-un-premier-essai-reussi\/#primaryimage"},"image":{"@id":"https:\/\/centre-assal.ch\/actualites\/formations-et-ateliers-le-pied-et-la-cheville-un-premier-essai-reussi\/#primaryimage"},"thumbnailUrl":"https:\/\/centre-assal.ch\/wp-content\/uploads\/2025\/05\/a41.jpg","datePublished":"2021-05-20T06:50:47+00:00","dateModified":"2025-10-13T01:40:56+00:00","description":"Retour sur les premi\u00e8res formations \u00ab Le Pied et la Cheville \u00bb du Centre ASSAL et de Hirslanden Clinique La Colline, d\u00e9di\u00e9es aux m\u00e9decins g\u00e9n\u00e9ralistes.","breadcrumb":{"@id":"https:\/\/centre-assal.ch\/actualites\/formations-et-ateliers-le-pied-et-la-cheville-un-premier-essai-reussi\/#breadcrumb"},"inLanguage":"en-GB","potentialAction":[{"@type":"ReadAction","target":["https:\/\/centre-assal.ch\/actualites\/formations-et-ateliers-le-pied-et-la-cheville-un-premier-essai-reussi\/"]}]},{"@type":"ImageObject","inLanguage":"en-GB","@id":"https:\/\/centre-assal.ch\/actualites\/formations-et-ateliers-le-pied-et-la-cheville-un-premier-essai-reussi\/#primaryimage","url":"https:\/\/centre-assal.ch\/wp-content\/uploads\/2025\/05\/a41.jpg","contentUrl":"https:\/\/centre-assal.ch\/wp-content\/uploads\/2025\/05\/a41.jpg","width":960,"height":719,"caption":"Le pied et la cheville"},{"@type":"BreadcrumbList","@id":"https:\/\/centre-assal.ch\/actualites\/formations-et-ateliers-le-pied-et-la-cheville-un-premier-essai-reussi\/#breadcrumb","itemListElement":[{"@type":"ListItem","position":1,"name":"Home","item":"https:\/\/centre-assal.ch\/"},{"@type":"ListItem","position":2,"name":"Formations et Ateliers \u00ab Le pied et la cheville \u00bb : un premier essai r\u00e9ussi"}]},{"@type":"WebSite","@id":"https:\/\/centre-assal.ch\/#website","url":"https:\/\/centre-assal.ch\/","name":"Centre Assal","description":"","publisher":{"@id":"https:\/\/centre-assal.ch\/#organization"},"potentialAction":[{"@type":"SearchAction","target":{"@type":"EntryPoint","urlTemplate":"https:\/\/centre-assal.ch\/?s={search_term_string}"},"query-input":{"@type":"PropertyValueSpecification","valueRequired":true,"valueName":"search_term_string"}}],"inLanguage":"en-GB"},{"@type":"Organization","@id":"https:\/\/centre-assal.ch\/#organization","name":"Centre Assal","url":"https:\/\/centre-assal.ch\/","logo":{"@type":"ImageObject","inLanguage":"en-GB","@id":"https:\/\/centre-assal.ch\/#\/schema\/logo\/image\/","url":"https:\/\/centre-assal.ch\/wp-content\/uploads\/2025\/03\/Logo_CentreAssal_RVB-11.png","contentUrl":"https:\/\/centre-assal.ch\/wp-content\/uploads\/2025\/03\/Logo_CentreAssal_RVB-11.png","width":220,"height":114,"caption":"Centre Assal"},"image":{"@id":"https:\/\/centre-assal.ch\/#\/schema\/logo\/image\/"},"sameAs":["https:\/\/www.instagram.com\/centre_assal\/","https:\/\/www.linkedin.com\/company\/centre-assal"]},{"@type":"Person","@id":"https:\/\/centre-assal.ch\/#\/schema\/person\/fc0cbac9ac126e65102771a32d052f5c","name":"Alain","image":{"@type":"ImageObject","inLanguage":"en-GB","@id":"https:\/\/secure.gravatar.com\/avatar\/0e2bb32354a79891053383275ff39db8d114e6203adecc08497d52668cf8baac?s=96&d=mm&r=g","url":"https:\/\/secure.gravatar.com\/avatar\/0e2bb32354a79891053383275ff39db8d114e6203adecc08497d52668cf8baac?s=96&d=mm&r=g","contentUrl":"https:\/\/secure.gravatar.com\/avatar\/0e2bb32354a79891053383275ff39db8d114e6203adecc08497d52668cf8baac?s=96&d=mm&r=g","caption":"Alain"},"url":"https:\/\/centre-assal.ch\/en\/author\/alain\/"}]}},"_links":{"self":[{"href":"https:\/\/centre-assal.ch\/en\/wp-json\/wp\/v2\/posts\/13395","targetHints":{"allow":["GET"]}}],"collection":[{"href":"https:\/\/centre-assal.ch\/en\/wp-json\/wp\/v2\/posts"}],"about":[{"href":"https:\/\/centre-assal.ch\/en\/wp-json\/wp\/v2\/types\/post"}],"author":[{"embeddable":true,"href":"https:\/\/centre-assal.ch\/en\/wp-json\/wp\/v2\/users\/9"}],"replies":[{"embeddable":true,"href":"https:\/\/centre-assal.ch\/en\/wp-json\/wp\/v2\/comments?post=13395"}],"version-history":[{"count":1,"href":"https:\/\/centre-assal.ch\/en\/wp-json\/wp\/v2\/posts\/13395\/revisions"}],"predecessor-version":[{"id":17745,"href":"https:\/\/centre-assal.ch\/en\/wp-json\/wp\/v2\/posts\/13395\/revisions\/17745"}],"wp:featuredmedia":[{"embeddable":true,"href":"https:\/\/centre-assal.ch\/en\/wp-json\/wp\/v2\/media\/13399"}],"wp:attachment":[{"href":"https:\/\/centre-assal.ch\/en\/wp-json\/wp\/v2\/media?parent=13395"}],"wp:term":[{"taxonomy":"category","embeddable":true,"href":"https:\/\/centre-assal.ch\/en\/wp-json\/wp\/v2\/categories?post=13395"},{"taxonomy":"post_tag","embeddable":true,"href":"https:\/\/centre-assal.ch\/en\/wp-json\/wp\/v2\/tags?post=13395"}],"curies":[{"name":"wp","href":"https:\/\/api.w.org\/{rel}","templated":true}]}}