{"id":13445,"date":"2020-07-29T08:30:08","date_gmt":"2020-07-29T06:30:08","guid":{"rendered":"https:\/\/preview.centre-assal.ch\/actualites\/\/"},"modified":"2025-10-13T17:57:14","modified_gmt":"2025-10-13T15:57:14","slug":"la-sfas-delivre-deux-bourses-pour-soutenir-les-recherches-de-nos-medecins","status":"publish","type":"post","link":"https:\/\/centre-assal.ch\/en\/actualites\/la-sfas-delivre-deux-bourses-pour-soutenir-les-recherches-de-nos-medecins\/","title":{"rendered":"The SFAS awards two grants to support the research of our physicians."},"content":{"rendered":"<p class=\"translation-block\">The ASSAL Centre would like to congratulate Dr. <a href=\"#\" target=\"_blank\" rel=\"noopener noreferrer\">Halah Kutaish<\/a> and Dr. <a href=\"https:\/\/centre-assal.ch\/en\/equipe\/dr-antoine-acker\/\" target=\"_blank\" rel=\"noopener noreferrer\">Antoine Acker<\/a>, who each received a grant from the <a href=\"https:\/\/www.sfas.ch\/fr\/\" target=\"_blank\" rel=\"noopener noreferrer\">Swiss Foot and Ankle Society<\/a> (SFAS) to support their respective scientific projects.<\/p>\n<p>&nbsp;<\/p>\n<p class=\"translation-block\">Research holds an important place in the Centre's activities, which is why our physicians dedicate part of their schedule to their scientific projects. You can find all our publications under the <a href=\"https:\/\/centre-assal.ch\/en\/activites-scientifiques\/publications\/\" target=\"_blank\" rel=\"noopener noreferrer\">\"Scientific Activities\"<\/a> section.<\/p>\n<p>&nbsp;<\/p>\n<p>The ASSAL Centre thanks the SFAS for recognizing our scientific commitment.<\/p>","protected":false},"excerpt":{"rendered":"<p>Le Centre ASSAL tient \u00e0 f\u00e9liciter la Dr Halah Kutaish et le Dr Antoine Acker qui ont chacun re\u00e7u une bourse de la Swiss Foot and Ankle Society (SFAS) pour soutenir leurs projets scientifiques respectifs. &nbsp; La recherche tient une place importante dans les activit\u00e9s du Centre, c&rsquo;est pourquoi nos m\u00e9decins consacrent une partie de [&hellip;]<\/p>\n","protected":false},"author":9,"featured_media":0,"comment_status":"open","ping_status":"open","sticky":false,"template":"","format":"standard","meta":{"_acf_changed":false,"footnotes":""},"categories":[39,109],"tags":[],"class_list":["post-13445","post","type-post","status-publish","format-standard","hentry","category-innovation-fr","category-lequipe"],"acf":[],"yoast_head":"<!-- This site is optimized with the Yoast SEO plugin v27.4 - https:\/\/yoast.com\/product\/yoast-seo-wordpress\/ -->\n<title>Deux bourses SFAS pour les recherches du Centre ASSAL - Centre Assal<\/title>\n<meta name=\"description\" content=\"La SFAS soutient la recherche m\u00e9dicale en attribuant deux bourses \u00e0 la Dr Halah Kutaish et au Dr Antoine Acker du Centre ASSAL pour leurs projets scientifiques.\" \/>\n<meta name=\"robots\" content=\"index, follow, max-snippet:-1, max-image-preview:large, max-video-preview:-1\" \/>\n<link rel=\"canonical\" href=\"https:\/\/centre-assal.ch\/en\/actualites\/la-sfas-delivre-deux-bourses-pour-soutenir-les-recherches-de-nos-medecins\/\" \/>\n<meta property=\"og:locale\" content=\"en_GB\" \/>\n<meta property=\"og:type\" content=\"article\" \/>\n<meta property=\"og:title\" content=\"Deux bourses SFAS pour les recherches du Centre ASSAL - Centre Assal\" \/>\n<meta property=\"og:description\" content=\"La SFAS soutient la recherche m\u00e9dicale en attribuant deux bourses \u00e0 la Dr Halah Kutaish et au Dr Antoine Acker du Centre ASSAL pour leurs projets scientifiques.\" \/>\n<meta property=\"og:url\" content=\"https:\/\/centre-assal.ch\/en\/actualites\/la-sfas-delivre-deux-bourses-pour-soutenir-les-recherches-de-nos-medecins\/\" \/>\n<meta property=\"og:site_name\" content=\"Centre Assal\" \/>\n<meta property=\"article:published_time\" content=\"2020-07-29T06:30:08+00:00\" \/>\n<meta property=\"article:modified_time\" content=\"2025-10-13T15:57:14+00:00\" \/>\n<meta name=\"author\" content=\"Alain\" \/>\n<meta name=\"twitter:card\" content=\"summary_large_image\" \/>\n<meta name=\"twitter:label1\" content=\"Written by\" \/>\n\t<meta name=\"twitter:data1\" content=\"Alain\" \/>\n\t<meta name=\"twitter:label2\" content=\"Estimated reading time\" \/>\n\t<meta name=\"twitter:data2\" content=\"1 minute\" \/>\n<script type=\"application\/ld+json\" class=\"yoast-schema-graph\">{\"@context\":\"https:\\\/\\\/schema.org\",\"@graph\":[{\"@type\":\"Article\",\"@id\":\"https:\\\/\\\/centre-assal.ch\\\/actualites\\\/la-sfas-delivre-deux-bourses-pour-soutenir-les-recherches-de-nos-medecins\\\/#article\",\"isPartOf\":{\"@id\":\"https:\\\/\\\/centre-assal.ch\\\/actualites\\\/la-sfas-delivre-deux-bourses-pour-soutenir-les-recherches-de-nos-medecins\\\/\"},\"author\":{\"name\":\"Alain\",\"@id\":\"https:\\\/\\\/centre-assal.ch\\\/#\\\/schema\\\/person\\\/fc0cbac9ac126e65102771a32d052f5c\"},\"headline\":\"La SFAS d\u00e9livre deux bourses pour soutenir les recherches de nos m\u00e9decins\",\"datePublished\":\"2020-07-29T06:30:08+00:00\",\"dateModified\":\"2025-10-13T15:57:14+00:00\",\"mainEntityOfPage\":{\"@id\":\"https:\\\/\\\/centre-assal.ch\\\/actualites\\\/la-sfas-delivre-deux-bourses-pour-soutenir-les-recherches-de-nos-medecins\\\/\"},\"wordCount\":107,\"commentCount\":0,\"publisher\":{\"@id\":\"https:\\\/\\\/centre-assal.ch\\\/#organization\"},\"articleSection\":[\"Innovation\",\"L'\u00e9quipe\"],\"inLanguage\":\"en-GB\",\"potentialAction\":[{\"@type\":\"CommentAction\",\"name\":\"Comment\",\"target\":[\"https:\\\/\\\/centre-assal.ch\\\/actualites\\\/la-sfas-delivre-deux-bourses-pour-soutenir-les-recherches-de-nos-medecins\\\/#respond\"]}]},{\"@type\":\"WebPage\",\"@id\":\"https:\\\/\\\/centre-assal.ch\\\/actualites\\\/la-sfas-delivre-deux-bourses-pour-soutenir-les-recherches-de-nos-medecins\\\/\",\"url\":\"https:\\\/\\\/centre-assal.ch\\\/actualites\\\/la-sfas-delivre-deux-bourses-pour-soutenir-les-recherches-de-nos-medecins\\\/\",\"name\":\"Deux bourses SFAS pour les recherches du Centre ASSAL - Centre Assal\",\"isPartOf\":{\"@id\":\"https:\\\/\\\/centre-assal.ch\\\/#website\"},\"datePublished\":\"2020-07-29T06:30:08+00:00\",\"dateModified\":\"2025-10-13T15:57:14+00:00\",\"description\":\"La SFAS soutient la recherche m\u00e9dicale en attribuant deux bourses \u00e0 la Dr Halah Kutaish et au Dr Antoine Acker du Centre ASSAL pour leurs projets scientifiques.\",\"breadcrumb\":{\"@id\":\"https:\\\/\\\/centre-assal.ch\\\/actualites\\\/la-sfas-delivre-deux-bourses-pour-soutenir-les-recherches-de-nos-medecins\\\/#breadcrumb\"},\"inLanguage\":\"en-GB\",\"potentialAction\":[{\"@type\":\"ReadAction\",\"target\":[\"https:\\\/\\\/centre-assal.ch\\\/actualites\\\/la-sfas-delivre-deux-bourses-pour-soutenir-les-recherches-de-nos-medecins\\\/\"]}]},{\"@type\":\"BreadcrumbList\",\"@id\":\"https:\\\/\\\/centre-assal.ch\\\/actualites\\\/la-sfas-delivre-deux-bourses-pour-soutenir-les-recherches-de-nos-medecins\\\/#breadcrumb\",\"itemListElement\":[{\"@type\":\"ListItem\",\"position\":1,\"name\":\"Home\",\"item\":\"https:\\\/\\\/centre-assal.ch\\\/\"},{\"@type\":\"ListItem\",\"position\":2,\"name\":\"La SFAS d\u00e9livre deux bourses pour soutenir les recherches de nos m\u00e9decins\"}]},{\"@type\":\"WebSite\",\"@id\":\"https:\\\/\\\/centre-assal.ch\\\/#website\",\"url\":\"https:\\\/\\\/centre-assal.ch\\\/\",\"name\":\"Centre Assal\",\"description\":\"\",\"publisher\":{\"@id\":\"https:\\\/\\\/centre-assal.ch\\\/#organization\"},\"potentialAction\":[{\"@type\":\"SearchAction\",\"target\":{\"@type\":\"EntryPoint\",\"urlTemplate\":\"https:\\\/\\\/centre-assal.ch\\\/?s={search_term_string}\"},\"query-input\":{\"@type\":\"PropertyValueSpecification\",\"valueRequired\":true,\"valueName\":\"search_term_string\"}}],\"inLanguage\":\"en-GB\"},{\"@type\":\"Organization\",\"@id\":\"https:\\\/\\\/centre-assal.ch\\\/#organization\",\"name\":\"Centre Assal\",\"url\":\"https:\\\/\\\/centre-assal.ch\\\/\",\"logo\":{\"@type\":\"ImageObject\",\"inLanguage\":\"en-GB\",\"@id\":\"https:\\\/\\\/centre-assal.ch\\\/#\\\/schema\\\/logo\\\/image\\\/\",\"url\":\"https:\\\/\\\/centre-assal.ch\\\/wp-content\\\/uploads\\\/2025\\\/03\\\/Logo_CentreAssal_RVB-11.png\",\"contentUrl\":\"https:\\\/\\\/centre-assal.ch\\\/wp-content\\\/uploads\\\/2025\\\/03\\\/Logo_CentreAssal_RVB-11.png\",\"width\":220,\"height\":114,\"caption\":\"Centre Assal\"},\"image\":{\"@id\":\"https:\\\/\\\/centre-assal.ch\\\/#\\\/schema\\\/logo\\\/image\\\/\"},\"sameAs\":[\"https:\\\/\\\/www.instagram.com\\\/centre_assal\\\/\",\"https:\\\/\\\/www.linkedin.com\\\/company\\\/centre-assal\"]},{\"@type\":\"Person\",\"@id\":\"https:\\\/\\\/centre-assal.ch\\\/#\\\/schema\\\/person\\\/fc0cbac9ac126e65102771a32d052f5c\",\"name\":\"Alain\",\"image\":{\"@type\":\"ImageObject\",\"inLanguage\":\"en-GB\",\"@id\":\"https:\\\/\\\/secure.gravatar.com\\\/avatar\\\/0e2bb32354a79891053383275ff39db8d114e6203adecc08497d52668cf8baac?s=96&d=mm&r=g\",\"url\":\"https:\\\/\\\/secure.gravatar.com\\\/avatar\\\/0e2bb32354a79891053383275ff39db8d114e6203adecc08497d52668cf8baac?s=96&d=mm&r=g\",\"contentUrl\":\"https:\\\/\\\/secure.gravatar.com\\\/avatar\\\/0e2bb32354a79891053383275ff39db8d114e6203adecc08497d52668cf8baac?s=96&d=mm&r=g\",\"caption\":\"Alain\"},\"url\":\"https:\\\/\\\/centre-assal.ch\\\/en\\\/author\\\/alain\\\/\"}]}<\/script>\n<!-- \/ Yoast SEO plugin. -->","yoast_head_json":{"title":"Deux bourses SFAS pour les recherches du Centre ASSAL - Centre Assal","description":"La SFAS soutient la recherche m\u00e9dicale en attribuant deux bourses \u00e0 la Dr Halah Kutaish et au Dr Antoine Acker du Centre ASSAL pour leurs projets scientifiques.","robots":{"index":"index","follow":"follow","max-snippet":"max-snippet:-1","max-image-preview":"max-image-preview:large","max-video-preview":"max-video-preview:-1"},"canonical":"https:\/\/centre-assal.ch\/en\/actualites\/la-sfas-delivre-deux-bourses-pour-soutenir-les-recherches-de-nos-medecins\/","og_locale":"en_GB","og_type":"article","og_title":"Deux bourses SFAS pour les recherches du Centre ASSAL - Centre Assal","og_description":"La SFAS soutient la recherche m\u00e9dicale en attribuant deux bourses \u00e0 la Dr Halah Kutaish et au Dr Antoine Acker du Centre ASSAL pour leurs projets scientifiques.","og_url":"https:\/\/centre-assal.ch\/en\/actualites\/la-sfas-delivre-deux-bourses-pour-soutenir-les-recherches-de-nos-medecins\/","og_site_name":"Centre Assal","article_published_time":"2020-07-29T06:30:08+00:00","article_modified_time":"2025-10-13T15:57:14+00:00","author":"Alain","twitter_card":"summary_large_image","twitter_misc":{"Written by":"Alain","Estimated reading time":"1 minute"},"schema":{"@context":"https:\/\/schema.org","@graph":[{"@type":"Article","@id":"https:\/\/centre-assal.ch\/actualites\/la-sfas-delivre-deux-bourses-pour-soutenir-les-recherches-de-nos-medecins\/#article","isPartOf":{"@id":"https:\/\/centre-assal.ch\/actualites\/la-sfas-delivre-deux-bourses-pour-soutenir-les-recherches-de-nos-medecins\/"},"author":{"name":"Alain","@id":"https:\/\/centre-assal.ch\/#\/schema\/person\/fc0cbac9ac126e65102771a32d052f5c"},"headline":"La SFAS d\u00e9livre deux bourses pour soutenir les recherches de nos m\u00e9decins","datePublished":"2020-07-29T06:30:08+00:00","dateModified":"2025-10-13T15:57:14+00:00","mainEntityOfPage":{"@id":"https:\/\/centre-assal.ch\/actualites\/la-sfas-delivre-deux-bourses-pour-soutenir-les-recherches-de-nos-medecins\/"},"wordCount":107,"commentCount":0,"publisher":{"@id":"https:\/\/centre-assal.ch\/#organization"},"articleSection":["Innovation","L'\u00e9quipe"],"inLanguage":"en-GB","potentialAction":[{"@type":"CommentAction","name":"Comment","target":["https:\/\/centre-assal.ch\/actualites\/la-sfas-delivre-deux-bourses-pour-soutenir-les-recherches-de-nos-medecins\/#respond"]}]},{"@type":"WebPage","@id":"https:\/\/centre-assal.ch\/actualites\/la-sfas-delivre-deux-bourses-pour-soutenir-les-recherches-de-nos-medecins\/","url":"https:\/\/centre-assal.ch\/actualites\/la-sfas-delivre-deux-bourses-pour-soutenir-les-recherches-de-nos-medecins\/","name":"Deux bourses SFAS pour les recherches du Centre ASSAL - Centre Assal","isPartOf":{"@id":"https:\/\/centre-assal.ch\/#website"},"datePublished":"2020-07-29T06:30:08+00:00","dateModified":"2025-10-13T15:57:14+00:00","description":"La SFAS soutient la recherche m\u00e9dicale en attribuant deux bourses \u00e0 la Dr Halah Kutaish et au Dr Antoine Acker du Centre ASSAL pour leurs projets scientifiques.","breadcrumb":{"@id":"https:\/\/centre-assal.ch\/actualites\/la-sfas-delivre-deux-bourses-pour-soutenir-les-recherches-de-nos-medecins\/#breadcrumb"},"inLanguage":"en-GB","potentialAction":[{"@type":"ReadAction","target":["https:\/\/centre-assal.ch\/actualites\/la-sfas-delivre-deux-bourses-pour-soutenir-les-recherches-de-nos-medecins\/"]}]},{"@type":"BreadcrumbList","@id":"https:\/\/centre-assal.ch\/actualites\/la-sfas-delivre-deux-bourses-pour-soutenir-les-recherches-de-nos-medecins\/#breadcrumb","itemListElement":[{"@type":"ListItem","position":1,"name":"Home","item":"https:\/\/centre-assal.ch\/"},{"@type":"ListItem","position":2,"name":"La SFAS d\u00e9livre deux bourses pour soutenir les recherches de nos m\u00e9decins"}]},{"@type":"WebSite","@id":"https:\/\/centre-assal.ch\/#website","url":"https:\/\/centre-assal.ch\/","name":"Centre Assal","description":"","publisher":{"@id":"https:\/\/centre-assal.ch\/#organization"},"potentialAction":[{"@type":"SearchAction","target":{"@type":"EntryPoint","urlTemplate":"https:\/\/centre-assal.ch\/?s={search_term_string}"},"query-input":{"@type":"PropertyValueSpecification","valueRequired":true,"valueName":"search_term_string"}}],"inLanguage":"en-GB"},{"@type":"Organization","@id":"https:\/\/centre-assal.ch\/#organization","name":"Centre Assal","url":"https:\/\/centre-assal.ch\/","logo":{"@type":"ImageObject","inLanguage":"en-GB","@id":"https:\/\/centre-assal.ch\/#\/schema\/logo\/image\/","url":"https:\/\/centre-assal.ch\/wp-content\/uploads\/2025\/03\/Logo_CentreAssal_RVB-11.png","contentUrl":"https:\/\/centre-assal.ch\/wp-content\/uploads\/2025\/03\/Logo_CentreAssal_RVB-11.png","width":220,"height":114,"caption":"Centre Assal"},"image":{"@id":"https:\/\/centre-assal.ch\/#\/schema\/logo\/image\/"},"sameAs":["https:\/\/www.instagram.com\/centre_assal\/","https:\/\/www.linkedin.com\/company\/centre-assal"]},{"@type":"Person","@id":"https:\/\/centre-assal.ch\/#\/schema\/person\/fc0cbac9ac126e65102771a32d052f5c","name":"Alain","image":{"@type":"ImageObject","inLanguage":"en-GB","@id":"https:\/\/secure.gravatar.com\/avatar\/0e2bb32354a79891053383275ff39db8d114e6203adecc08497d52668cf8baac?s=96&d=mm&r=g","url":"https:\/\/secure.gravatar.com\/avatar\/0e2bb32354a79891053383275ff39db8d114e6203adecc08497d52668cf8baac?s=96&d=mm&r=g","contentUrl":"https:\/\/secure.gravatar.com\/avatar\/0e2bb32354a79891053383275ff39db8d114e6203adecc08497d52668cf8baac?s=96&d=mm&r=g","caption":"Alain"},"url":"https:\/\/centre-assal.ch\/en\/author\/alain\/"}]}},"_links":{"self":[{"href":"https:\/\/centre-assal.ch\/en\/wp-json\/wp\/v2\/posts\/13445","targetHints":{"allow":["GET"]}}],"collection":[{"href":"https:\/\/centre-assal.ch\/en\/wp-json\/wp\/v2\/posts"}],"about":[{"href":"https:\/\/centre-assal.ch\/en\/wp-json\/wp\/v2\/types\/post"}],"author":[{"embeddable":true,"href":"https:\/\/centre-assal.ch\/en\/wp-json\/wp\/v2\/users\/9"}],"replies":[{"embeddable":true,"href":"https:\/\/centre-assal.ch\/en\/wp-json\/wp\/v2\/comments?post=13445"}],"version-history":[{"count":1,"href":"https:\/\/centre-assal.ch\/en\/wp-json\/wp\/v2\/posts\/13445\/revisions"}],"predecessor-version":[{"id":17756,"href":"https:\/\/centre-assal.ch\/en\/wp-json\/wp\/v2\/posts\/13445\/revisions\/17756"}],"wp:attachment":[{"href":"https:\/\/centre-assal.ch\/en\/wp-json\/wp\/v2\/media?parent=13445"}],"wp:term":[{"taxonomy":"category","embeddable":true,"href":"https:\/\/centre-assal.ch\/en\/wp-json\/wp\/v2\/categories?post=13445"},{"taxonomy":"post_tag","embeddable":true,"href":"https:\/\/centre-assal.ch\/en\/wp-json\/wp\/v2\/tags?post=13445"}],"curies":[{"name":"wp","href":"https:\/\/api.w.org\/{rel}","templated":true}]}}