{"id":14345,"date":"2019-10-05T00:00:06","date_gmt":"2019-10-04T22:00:06","guid":{"rendered":"https:\/\/preview.centre-assal.ch\/actualites\/\/"},"modified":"2025-10-13T18:21:10","modified_gmt":"2025-10-13T16:21:10","slug":"atelier-et-formation-platres-et-attelles-de-1er-recours-techniques-de-base-et-avancees","status":"publish","type":"post","link":"https:\/\/centre-assal.ch\/en\/actualites\/atelier-et-formation-platres-et-attelles-de-1er-recours-techniques-de-base-et-avancees\/","title":{"rendered":"The entire team at the Center wishes them fair winds!"},"content":{"rendered":"<p>The training organized by the Assal Center on October 5, 2019 at Hirslanden Clinique La Colline was a great success.<\/p>\n<p>About twenty participants attended the scientific lectures and various workshops led by PD Dr. Assal, accompanied by a team of multidisciplinary specialists.<\/p>\n<p class=\"translation-block\">For more information about our upcoming trainings, visit our events page: <a href=\"\/en\/evenements\/\" target=\"_blank\" rel=\"noopener noreferrer\">https:\/\/centre-assal.ch\/evenements<\/a><\/p>","protected":false},"excerpt":{"rendered":"<p>La formation organis\u00e9e par le Centre Assal le 5 octobre 2019 \u00e0 Hirslanden Clinique La Colline a rencontr\u00e9 un grand succ\u00e8s. Une vingtaine de participants sont venus assister aux conf\u00e9rences scientifiques et aux diff\u00e9rents ateliers de PD Dr Assal accompagn\u00e9 d\u2019une \u00e9quipe de sp\u00e9cialistes pluridisciplinaires. Pour plus d&rsquo;informations sur nos prochaines formations, visitez notre page [&hellip;]<\/p>\n","protected":false},"author":9,"featured_media":14346,"comment_status":"open","ping_status":"open","sticky":false,"template":"","format":"standard","meta":{"_acf_changed":false,"footnotes":""},"categories":[37],"tags":[],"class_list":["post-14345","post","type-post","status-publish","format-standard","has-post-thumbnail","hentry","category-enseignement-fr"],"acf":[],"yoast_head":"<!-- This site is optimized with the Yoast SEO plugin v27.4 - https:\/\/yoast.com\/product\/yoast-seo-wordpress\/ -->\n<title>Formation Pl\u00e2tres et Attelles - Centre Assal<\/title>\n<meta name=\"description\" content=\"Le Centre ASSAL a organis\u00e9 une formation sur les pl\u00e2tres et attelles de 1er recours \u00e0 la Clinique La Colline, anim\u00e9e par le PD Dr Assal et son \u00e9quipe multidisciplinaire.\" \/>\n<meta name=\"robots\" content=\"index, follow, max-snippet:-1, max-image-preview:large, max-video-preview:-1\" \/>\n<link rel=\"canonical\" href=\"https:\/\/centre-assal.ch\/en\/actualites\/atelier-et-formation-platres-et-attelles-de-1er-recours-techniques-de-base-et-avancees\/\" \/>\n<meta property=\"og:locale\" content=\"en_GB\" \/>\n<meta property=\"og:type\" content=\"article\" \/>\n<meta property=\"og:title\" content=\"Formation Pl\u00e2tres et Attelles - Centre Assal\" \/>\n<meta property=\"og:description\" content=\"Le Centre ASSAL a organis\u00e9 une formation sur les pl\u00e2tres et attelles de 1er recours \u00e0 la Clinique La Colline, anim\u00e9e par le PD Dr Assal et son \u00e9quipe multidisciplinaire.\" \/>\n<meta property=\"og:url\" content=\"https:\/\/centre-assal.ch\/en\/actualites\/atelier-et-formation-platres-et-attelles-de-1er-recours-techniques-de-base-et-avancees\/\" \/>\n<meta property=\"og:site_name\" content=\"Centre Assal\" \/>\n<meta property=\"article:published_time\" content=\"2019-10-04T22:00:06+00:00\" \/>\n<meta property=\"article:modified_time\" content=\"2025-10-13T16:21:10+00:00\" \/>\n<meta property=\"og:image\" content=\"https:\/\/centre-assal.ch\/wp-content\/uploads\/2025\/05\/a50.jpg\" \/>\n\t<meta property=\"og:image:width\" content=\"960\" \/>\n\t<meta property=\"og:image:height\" content=\"720\" \/>\n\t<meta property=\"og:image:type\" content=\"image\/jpeg\" \/>\n<meta name=\"author\" content=\"Alain\" \/>\n<meta name=\"twitter:card\" content=\"summary_large_image\" \/>\n<meta name=\"twitter:label1\" content=\"Written by\" \/>\n\t<meta name=\"twitter:data1\" content=\"Alain\" \/>\n\t<meta name=\"twitter:label2\" content=\"Estimated reading time\" \/>\n\t<meta name=\"twitter:data2\" content=\"1 minute\" \/>\n<script type=\"application\/ld+json\" class=\"yoast-schema-graph\">{\"@context\":\"https:\\\/\\\/schema.org\",\"@graph\":[{\"@type\":\"Article\",\"@id\":\"https:\\\/\\\/centre-assal.ch\\\/actualites\\\/atelier-et-formation-platres-et-attelles-de-1er-recours-techniques-de-base-et-avancees\\\/#article\",\"isPartOf\":{\"@id\":\"https:\\\/\\\/centre-assal.ch\\\/actualites\\\/atelier-et-formation-platres-et-attelles-de-1er-recours-techniques-de-base-et-avancees\\\/\"},\"author\":{\"name\":\"Alain\",\"@id\":\"https:\\\/\\\/centre-assal.ch\\\/#\\\/schema\\\/person\\\/fc0cbac9ac126e65102771a32d052f5c\"},\"headline\":\"Atelier et formation Pl\u00e2tres et attelles de 1er recours, Techniques de base et avanc\u00e9es\",\"datePublished\":\"2019-10-04T22:00:06+00:00\",\"dateModified\":\"2025-10-13T16:21:10+00:00\",\"mainEntityOfPage\":{\"@id\":\"https:\\\/\\\/centre-assal.ch\\\/actualites\\\/atelier-et-formation-platres-et-attelles-de-1er-recours-techniques-de-base-et-avancees\\\/\"},\"wordCount\":81,\"commentCount\":0,\"publisher\":{\"@id\":\"https:\\\/\\\/centre-assal.ch\\\/#organization\"},\"image\":{\"@id\":\"https:\\\/\\\/centre-assal.ch\\\/actualites\\\/atelier-et-formation-platres-et-attelles-de-1er-recours-techniques-de-base-et-avancees\\\/#primaryimage\"},\"thumbnailUrl\":\"https:\\\/\\\/centre-assal.ch\\\/wp-content\\\/uploads\\\/2025\\\/05\\\/a50.jpg\",\"articleSection\":[\"Enseignement\"],\"inLanguage\":\"en-GB\",\"potentialAction\":[{\"@type\":\"CommentAction\",\"name\":\"Comment\",\"target\":[\"https:\\\/\\\/centre-assal.ch\\\/actualites\\\/atelier-et-formation-platres-et-attelles-de-1er-recours-techniques-de-base-et-avancees\\\/#respond\"]}]},{\"@type\":\"WebPage\",\"@id\":\"https:\\\/\\\/centre-assal.ch\\\/actualites\\\/atelier-et-formation-platres-et-attelles-de-1er-recours-techniques-de-base-et-avancees\\\/\",\"url\":\"https:\\\/\\\/centre-assal.ch\\\/actualites\\\/atelier-et-formation-platres-et-attelles-de-1er-recours-techniques-de-base-et-avancees\\\/\",\"name\":\"Formation Pl\u00e2tres et Attelles - Centre Assal\",\"isPartOf\":{\"@id\":\"https:\\\/\\\/centre-assal.ch\\\/#website\"},\"primaryImageOfPage\":{\"@id\":\"https:\\\/\\\/centre-assal.ch\\\/actualites\\\/atelier-et-formation-platres-et-attelles-de-1er-recours-techniques-de-base-et-avancees\\\/#primaryimage\"},\"image\":{\"@id\":\"https:\\\/\\\/centre-assal.ch\\\/actualites\\\/atelier-et-formation-platres-et-attelles-de-1er-recours-techniques-de-base-et-avancees\\\/#primaryimage\"},\"thumbnailUrl\":\"https:\\\/\\\/centre-assal.ch\\\/wp-content\\\/uploads\\\/2025\\\/05\\\/a50.jpg\",\"datePublished\":\"2019-10-04T22:00:06+00:00\",\"dateModified\":\"2025-10-13T16:21:10+00:00\",\"description\":\"Le Centre ASSAL a organis\u00e9 une formation sur les pl\u00e2tres et attelles de 1er recours \u00e0 la Clinique La Colline, anim\u00e9e par le PD Dr Assal et son \u00e9quipe multidisciplinaire.\",\"breadcrumb\":{\"@id\":\"https:\\\/\\\/centre-assal.ch\\\/actualites\\\/atelier-et-formation-platres-et-attelles-de-1er-recours-techniques-de-base-et-avancees\\\/#breadcrumb\"},\"inLanguage\":\"en-GB\",\"potentialAction\":[{\"@type\":\"ReadAction\",\"target\":[\"https:\\\/\\\/centre-assal.ch\\\/actualites\\\/atelier-et-formation-platres-et-attelles-de-1er-recours-techniques-de-base-et-avancees\\\/\"]}]},{\"@type\":\"ImageObject\",\"inLanguage\":\"en-GB\",\"@id\":\"https:\\\/\\\/centre-assal.ch\\\/actualites\\\/atelier-et-formation-platres-et-attelles-de-1er-recours-techniques-de-base-et-avancees\\\/#primaryimage\",\"url\":\"https:\\\/\\\/centre-assal.ch\\\/wp-content\\\/uploads\\\/2025\\\/05\\\/a50.jpg\",\"contentUrl\":\"https:\\\/\\\/centre-assal.ch\\\/wp-content\\\/uploads\\\/2025\\\/05\\\/a50.jpg\",\"width\":960,\"height\":720,\"caption\":\"Atelier et formation\"},{\"@type\":\"BreadcrumbList\",\"@id\":\"https:\\\/\\\/centre-assal.ch\\\/actualites\\\/atelier-et-formation-platres-et-attelles-de-1er-recours-techniques-de-base-et-avancees\\\/#breadcrumb\",\"itemListElement\":[{\"@type\":\"ListItem\",\"position\":1,\"name\":\"Home\",\"item\":\"https:\\\/\\\/centre-assal.ch\\\/\"},{\"@type\":\"ListItem\",\"position\":2,\"name\":\"Atelier et formation Pl\u00e2tres et attelles de 1er recours, Techniques de base et avanc\u00e9es\"}]},{\"@type\":\"WebSite\",\"@id\":\"https:\\\/\\\/centre-assal.ch\\\/#website\",\"url\":\"https:\\\/\\\/centre-assal.ch\\\/\",\"name\":\"Centre Assal\",\"description\":\"\",\"publisher\":{\"@id\":\"https:\\\/\\\/centre-assal.ch\\\/#organization\"},\"potentialAction\":[{\"@type\":\"SearchAction\",\"target\":{\"@type\":\"EntryPoint\",\"urlTemplate\":\"https:\\\/\\\/centre-assal.ch\\\/?s={search_term_string}\"},\"query-input\":{\"@type\":\"PropertyValueSpecification\",\"valueRequired\":true,\"valueName\":\"search_term_string\"}}],\"inLanguage\":\"en-GB\"},{\"@type\":\"Organization\",\"@id\":\"https:\\\/\\\/centre-assal.ch\\\/#organization\",\"name\":\"Centre Assal\",\"url\":\"https:\\\/\\\/centre-assal.ch\\\/\",\"logo\":{\"@type\":\"ImageObject\",\"inLanguage\":\"en-GB\",\"@id\":\"https:\\\/\\\/centre-assal.ch\\\/#\\\/schema\\\/logo\\\/image\\\/\",\"url\":\"https:\\\/\\\/centre-assal.ch\\\/wp-content\\\/uploads\\\/2025\\\/03\\\/Logo_CentreAssal_RVB-11.png\",\"contentUrl\":\"https:\\\/\\\/centre-assal.ch\\\/wp-content\\\/uploads\\\/2025\\\/03\\\/Logo_CentreAssal_RVB-11.png\",\"width\":220,\"height\":114,\"caption\":\"Centre Assal\"},\"image\":{\"@id\":\"https:\\\/\\\/centre-assal.ch\\\/#\\\/schema\\\/logo\\\/image\\\/\"},\"sameAs\":[\"https:\\\/\\\/www.instagram.com\\\/centre_assal\\\/\",\"https:\\\/\\\/www.linkedin.com\\\/company\\\/centre-assal\"]},{\"@type\":\"Person\",\"@id\":\"https:\\\/\\\/centre-assal.ch\\\/#\\\/schema\\\/person\\\/fc0cbac9ac126e65102771a32d052f5c\",\"name\":\"Alain\",\"image\":{\"@type\":\"ImageObject\",\"inLanguage\":\"en-GB\",\"@id\":\"https:\\\/\\\/secure.gravatar.com\\\/avatar\\\/0e2bb32354a79891053383275ff39db8d114e6203adecc08497d52668cf8baac?s=96&d=mm&r=g\",\"url\":\"https:\\\/\\\/secure.gravatar.com\\\/avatar\\\/0e2bb32354a79891053383275ff39db8d114e6203adecc08497d52668cf8baac?s=96&d=mm&r=g\",\"contentUrl\":\"https:\\\/\\\/secure.gravatar.com\\\/avatar\\\/0e2bb32354a79891053383275ff39db8d114e6203adecc08497d52668cf8baac?s=96&d=mm&r=g\",\"caption\":\"Alain\"},\"url\":\"https:\\\/\\\/centre-assal.ch\\\/en\\\/author\\\/alain\\\/\"}]}<\/script>\n<!-- \/ Yoast SEO plugin. -->","yoast_head_json":{"title":"Formation Pl\u00e2tres et Attelles - Centre Assal","description":"Le Centre ASSAL a organis\u00e9 une formation sur les pl\u00e2tres et attelles de 1er recours \u00e0 la Clinique La Colline, anim\u00e9e par le PD Dr Assal et son \u00e9quipe multidisciplinaire.","robots":{"index":"index","follow":"follow","max-snippet":"max-snippet:-1","max-image-preview":"max-image-preview:large","max-video-preview":"max-video-preview:-1"},"canonical":"https:\/\/centre-assal.ch\/en\/actualites\/atelier-et-formation-platres-et-attelles-de-1er-recours-techniques-de-base-et-avancees\/","og_locale":"en_GB","og_type":"article","og_title":"Formation Pl\u00e2tres et Attelles - Centre Assal","og_description":"Le Centre ASSAL a organis\u00e9 une formation sur les pl\u00e2tres et attelles de 1er recours \u00e0 la Clinique La Colline, anim\u00e9e par le PD Dr Assal et son \u00e9quipe multidisciplinaire.","og_url":"https:\/\/centre-assal.ch\/en\/actualites\/atelier-et-formation-platres-et-attelles-de-1er-recours-techniques-de-base-et-avancees\/","og_site_name":"Centre Assal","article_published_time":"2019-10-04T22:00:06+00:00","article_modified_time":"2025-10-13T16:21:10+00:00","og_image":[{"width":960,"height":720,"url":"https:\/\/centre-assal.ch\/wp-content\/uploads\/2025\/05\/a50.jpg","type":"image\/jpeg"}],"author":"Alain","twitter_card":"summary_large_image","twitter_misc":{"Written by":"Alain","Estimated reading time":"1 minute"},"schema":{"@context":"https:\/\/schema.org","@graph":[{"@type":"Article","@id":"https:\/\/centre-assal.ch\/actualites\/atelier-et-formation-platres-et-attelles-de-1er-recours-techniques-de-base-et-avancees\/#article","isPartOf":{"@id":"https:\/\/centre-assal.ch\/actualites\/atelier-et-formation-platres-et-attelles-de-1er-recours-techniques-de-base-et-avancees\/"},"author":{"name":"Alain","@id":"https:\/\/centre-assal.ch\/#\/schema\/person\/fc0cbac9ac126e65102771a32d052f5c"},"headline":"Atelier et formation Pl\u00e2tres et attelles de 1er recours, Techniques de base et avanc\u00e9es","datePublished":"2019-10-04T22:00:06+00:00","dateModified":"2025-10-13T16:21:10+00:00","mainEntityOfPage":{"@id":"https:\/\/centre-assal.ch\/actualites\/atelier-et-formation-platres-et-attelles-de-1er-recours-techniques-de-base-et-avancees\/"},"wordCount":81,"commentCount":0,"publisher":{"@id":"https:\/\/centre-assal.ch\/#organization"},"image":{"@id":"https:\/\/centre-assal.ch\/actualites\/atelier-et-formation-platres-et-attelles-de-1er-recours-techniques-de-base-et-avancees\/#primaryimage"},"thumbnailUrl":"https:\/\/centre-assal.ch\/wp-content\/uploads\/2025\/05\/a50.jpg","articleSection":["Enseignement"],"inLanguage":"en-GB","potentialAction":[{"@type":"CommentAction","name":"Comment","target":["https:\/\/centre-assal.ch\/actualites\/atelier-et-formation-platres-et-attelles-de-1er-recours-techniques-de-base-et-avancees\/#respond"]}]},{"@type":"WebPage","@id":"https:\/\/centre-assal.ch\/actualites\/atelier-et-formation-platres-et-attelles-de-1er-recours-techniques-de-base-et-avancees\/","url":"https:\/\/centre-assal.ch\/actualites\/atelier-et-formation-platres-et-attelles-de-1er-recours-techniques-de-base-et-avancees\/","name":"Formation Pl\u00e2tres et Attelles - Centre Assal","isPartOf":{"@id":"https:\/\/centre-assal.ch\/#website"},"primaryImageOfPage":{"@id":"https:\/\/centre-assal.ch\/actualites\/atelier-et-formation-platres-et-attelles-de-1er-recours-techniques-de-base-et-avancees\/#primaryimage"},"image":{"@id":"https:\/\/centre-assal.ch\/actualites\/atelier-et-formation-platres-et-attelles-de-1er-recours-techniques-de-base-et-avancees\/#primaryimage"},"thumbnailUrl":"https:\/\/centre-assal.ch\/wp-content\/uploads\/2025\/05\/a50.jpg","datePublished":"2019-10-04T22:00:06+00:00","dateModified":"2025-10-13T16:21:10+00:00","description":"Le Centre ASSAL a organis\u00e9 une formation sur les pl\u00e2tres et attelles de 1er recours \u00e0 la Clinique La Colline, anim\u00e9e par le PD Dr Assal et son \u00e9quipe multidisciplinaire.","breadcrumb":{"@id":"https:\/\/centre-assal.ch\/actualites\/atelier-et-formation-platres-et-attelles-de-1er-recours-techniques-de-base-et-avancees\/#breadcrumb"},"inLanguage":"en-GB","potentialAction":[{"@type":"ReadAction","target":["https:\/\/centre-assal.ch\/actualites\/atelier-et-formation-platres-et-attelles-de-1er-recours-techniques-de-base-et-avancees\/"]}]},{"@type":"ImageObject","inLanguage":"en-GB","@id":"https:\/\/centre-assal.ch\/actualites\/atelier-et-formation-platres-et-attelles-de-1er-recours-techniques-de-base-et-avancees\/#primaryimage","url":"https:\/\/centre-assal.ch\/wp-content\/uploads\/2025\/05\/a50.jpg","contentUrl":"https:\/\/centre-assal.ch\/wp-content\/uploads\/2025\/05\/a50.jpg","width":960,"height":720,"caption":"Atelier et formation"},{"@type":"BreadcrumbList","@id":"https:\/\/centre-assal.ch\/actualites\/atelier-et-formation-platres-et-attelles-de-1er-recours-techniques-de-base-et-avancees\/#breadcrumb","itemListElement":[{"@type":"ListItem","position":1,"name":"Home","item":"https:\/\/centre-assal.ch\/"},{"@type":"ListItem","position":2,"name":"Atelier et formation Pl\u00e2tres et attelles de 1er recours, Techniques de base et avanc\u00e9es"}]},{"@type":"WebSite","@id":"https:\/\/centre-assal.ch\/#website","url":"https:\/\/centre-assal.ch\/","name":"Centre Assal","description":"","publisher":{"@id":"https:\/\/centre-assal.ch\/#organization"},"potentialAction":[{"@type":"SearchAction","target":{"@type":"EntryPoint","urlTemplate":"https:\/\/centre-assal.ch\/?s={search_term_string}"},"query-input":{"@type":"PropertyValueSpecification","valueRequired":true,"valueName":"search_term_string"}}],"inLanguage":"en-GB"},{"@type":"Organization","@id":"https:\/\/centre-assal.ch\/#organization","name":"Centre Assal","url":"https:\/\/centre-assal.ch\/","logo":{"@type":"ImageObject","inLanguage":"en-GB","@id":"https:\/\/centre-assal.ch\/#\/schema\/logo\/image\/","url":"https:\/\/centre-assal.ch\/wp-content\/uploads\/2025\/03\/Logo_CentreAssal_RVB-11.png","contentUrl":"https:\/\/centre-assal.ch\/wp-content\/uploads\/2025\/03\/Logo_CentreAssal_RVB-11.png","width":220,"height":114,"caption":"Centre Assal"},"image":{"@id":"https:\/\/centre-assal.ch\/#\/schema\/logo\/image\/"},"sameAs":["https:\/\/www.instagram.com\/centre_assal\/","https:\/\/www.linkedin.com\/company\/centre-assal"]},{"@type":"Person","@id":"https:\/\/centre-assal.ch\/#\/schema\/person\/fc0cbac9ac126e65102771a32d052f5c","name":"Alain","image":{"@type":"ImageObject","inLanguage":"en-GB","@id":"https:\/\/secure.gravatar.com\/avatar\/0e2bb32354a79891053383275ff39db8d114e6203adecc08497d52668cf8baac?s=96&d=mm&r=g","url":"https:\/\/secure.gravatar.com\/avatar\/0e2bb32354a79891053383275ff39db8d114e6203adecc08497d52668cf8baac?s=96&d=mm&r=g","contentUrl":"https:\/\/secure.gravatar.com\/avatar\/0e2bb32354a79891053383275ff39db8d114e6203adecc08497d52668cf8baac?s=96&d=mm&r=g","caption":"Alain"},"url":"https:\/\/centre-assal.ch\/en\/author\/alain\/"}]}},"_links":{"self":[{"href":"https:\/\/centre-assal.ch\/en\/wp-json\/wp\/v2\/posts\/14345","targetHints":{"allow":["GET"]}}],"collection":[{"href":"https:\/\/centre-assal.ch\/en\/wp-json\/wp\/v2\/posts"}],"about":[{"href":"https:\/\/centre-assal.ch\/en\/wp-json\/wp\/v2\/types\/post"}],"author":[{"embeddable":true,"href":"https:\/\/centre-assal.ch\/en\/wp-json\/wp\/v2\/users\/9"}],"replies":[{"embeddable":true,"href":"https:\/\/centre-assal.ch\/en\/wp-json\/wp\/v2\/comments?post=14345"}],"version-history":[{"count":1,"href":"https:\/\/centre-assal.ch\/en\/wp-json\/wp\/v2\/posts\/14345\/revisions"}],"predecessor-version":[{"id":17765,"href":"https:\/\/centre-assal.ch\/en\/wp-json\/wp\/v2\/posts\/14345\/revisions\/17765"}],"wp:featuredmedia":[{"embeddable":true,"href":"https:\/\/centre-assal.ch\/en\/wp-json\/wp\/v2\/media\/14346"}],"wp:attachment":[{"href":"https:\/\/centre-assal.ch\/en\/wp-json\/wp\/v2\/media?parent=14345"}],"wp:term":[{"taxonomy":"category","embeddable":true,"href":"https:\/\/centre-assal.ch\/en\/wp-json\/wp\/v2\/categories?post=14345"},{"taxonomy":"post_tag","embeddable":true,"href":"https:\/\/centre-assal.ch\/en\/wp-json\/wp\/v2\/tags?post=14345"}],"curies":[{"name":"wp","href":"https:\/\/api.w.org\/{rel}","templated":true}]}}