{"id":14389,"date":"2018-04-23T08:48:47","date_gmt":"2018-04-23T06:48:47","guid":{"rendered":"https:\/\/preview.centre-assal.ch\/actualites\/\/"},"modified":"2026-03-05T09:07:54","modified_gmt":"2026-03-05T08:07:54","slug":"succes-du-1er-symposium-le-pied-dans-le-sport","status":"publish","type":"post","link":"https:\/\/centre-assal.ch\/en\/actualites\/succes-du-1er-symposium-le-pied-dans-le-sport\/","title":{"rendered":"Success of the 1st Symposium: The Foot in Sports"},"content":{"rendered":"<h2>Details<\/h2>\n<p class=\"translation-block\">The first edition of the <strong>Symposium: The Foot in Sports<\/strong> turned out to be a real success!<\/p>\n<p>We had the great pleasure of welcoming nearly 130 participants, including 13 speakers, to this multidisciplinary symposium held on April 14, 2018 in Geneva. It was the first time that so many different health professions were brought together at the same medical seminar. The symposium featured a theoretical session in the morning followed by several practical workshops in the afternoon.<\/p>\n<p class=\"translation-block\">href=\"https:\/\/www.bayer.ch\/fr\/\" target=\"_blank\" rel=\"noopener noreferrer\"&gt;Bayer<\/a>, <a title=\"BSN\" href=\"http:\/\/www.bsnmedical.ch\/bsnmedical.html\" target=\"_blank\" rel=\"noopener noreferrer\">BSN<\/a>, <a title=\"Giglio Orthop\u00e9die\" href=\"http:\/\/giglio-orthopedie.ch\/\" target=\"_blank\" rel=\"noopener noreferrer\">Giglio Orthop\u00e9die<\/a>, and <a title=\"Podiatech\" href=\"http:\/\/www.podiatech.com\/accueil-54-1.html\" target=\"_blank\" rel=\"noopener noreferrer\">Podiatech<\/a>.<\/p>\n<p>We are already looking forward to repeating the experience next year with new topics and hope to see many of you there!<\/p>","protected":false},"excerpt":{"rendered":"<p>D\u00e9tails La premi\u00e8re \u00e9dition du Symposium\u00a0: Le pied dans le sport s\u2019est r\u00e9v\u00e9l\u00e9 \u00eatre un v\u00e9ritable succ\u00e8s\u00a0! Nous avons eu l\u2019immense joie d\u2019accueillir pr\u00e8s de 130 participants dont 13 intervenants pour ce symposium multidisciplinaire qui a eu lieu le 14 avril 2018 \u00e0 Gen\u00e8ve. C\u2019est la premi\u00e8re fois qu\u2019autant de professions vari\u00e9es de la sant\u00e9 [&hellip;]<\/p>\n","protected":false},"author":9,"featured_media":14391,"comment_status":"open","ping_status":"open","sticky":false,"template":"","format":"standard","meta":{"_acf_changed":false,"footnotes":""},"categories":[37],"tags":[],"class_list":["post-14389","post","type-post","status-publish","format-standard","has-post-thumbnail","hentry","category-enseignement-fr"],"acf":[],"yoast_head":"<!-- This site is optimized with the Yoast SEO plugin v27.5 - https:\/\/yoast.com\/product\/yoast-seo-wordpress\/ -->\n<title>Succ\u00e8s du 1er Symposium : Le pied dans le sport - Centre Assal<\/title>\n<meta name=\"description\" content=\"Retour sur le 1er Symposium Le pied dans le sport \u00e0 Gen\u00e8ve : plus de 130 participants, 13 experts et des ateliers pratiques d\u00e9di\u00e9s \u00e0 la sant\u00e9 du sportif.\" \/>\n<meta name=\"robots\" content=\"index, follow, max-snippet:-1, max-image-preview:large, max-video-preview:-1\" \/>\n<link rel=\"canonical\" href=\"https:\/\/centre-assal.ch\/en\/actualites\/succes-du-1er-symposium-le-pied-dans-le-sport\/\" \/>\n<meta property=\"og:locale\" content=\"en_GB\" \/>\n<meta property=\"og:type\" content=\"article\" \/>\n<meta property=\"og:title\" content=\"Succ\u00e8s du 1er Symposium : Le pied dans le sport - Centre Assal\" \/>\n<meta property=\"og:description\" content=\"Retour sur le 1er Symposium Le pied dans le sport \u00e0 Gen\u00e8ve : plus de 130 participants, 13 experts et des ateliers pratiques d\u00e9di\u00e9s \u00e0 la sant\u00e9 du sportif.\" \/>\n<meta property=\"og:url\" content=\"https:\/\/centre-assal.ch\/en\/actualites\/succes-du-1er-symposium-le-pied-dans-le-sport\/\" \/>\n<meta property=\"og:site_name\" content=\"Centre Assal\" \/>\n<meta property=\"article:published_time\" content=\"2018-04-23T06:48:47+00:00\" \/>\n<meta property=\"article:modified_time\" content=\"2026-03-05T08:07:54+00:00\" \/>\n<meta property=\"og:image\" content=\"https:\/\/centre-assal.ch\/wp-content\/uploads\/2025\/05\/a52a.jpg\" \/>\n\t<meta property=\"og:image:width\" content=\"960\" \/>\n\t<meta property=\"og:image:height\" content=\"720\" \/>\n\t<meta property=\"og:image:type\" content=\"image\/jpeg\" \/>\n<meta name=\"author\" content=\"Alain\" \/>\n<meta name=\"twitter:card\" content=\"summary_large_image\" \/>\n<meta name=\"twitter:label1\" content=\"Written by\" \/>\n\t<meta name=\"twitter:data1\" content=\"Alain\" \/>\n\t<meta name=\"twitter:label2\" content=\"Estimated reading time\" \/>\n\t<meta name=\"twitter:data2\" content=\"1 minute\" \/>\n<script type=\"application\/ld+json\" class=\"yoast-schema-graph\">{\"@context\":\"https:\\\/\\\/schema.org\",\"@graph\":[{\"@type\":\"Article\",\"@id\":\"https:\\\/\\\/centre-assal.ch\\\/actualites\\\/succes-du-1er-symposium-le-pied-dans-le-sport\\\/#article\",\"isPartOf\":{\"@id\":\"https:\\\/\\\/centre-assal.ch\\\/actualites\\\/succes-du-1er-symposium-le-pied-dans-le-sport\\\/\"},\"author\":{\"name\":\"Alain\",\"@id\":\"https:\\\/\\\/centre-assal.ch\\\/#\\\/schema\\\/person\\\/fc0cbac9ac126e65102771a32d052f5c\"},\"headline\":\"Succ\u00e8s du 1er Symposium : Le pied dans le sport\",\"datePublished\":\"2018-04-23T06:48:47+00:00\",\"dateModified\":\"2026-03-05T08:07:54+00:00\",\"mainEntityOfPage\":{\"@id\":\"https:\\\/\\\/centre-assal.ch\\\/actualites\\\/succes-du-1er-symposium-le-pied-dans-le-sport\\\/\"},\"wordCount\":158,\"commentCount\":0,\"publisher\":{\"@id\":\"https:\\\/\\\/centre-assal.ch\\\/#organization\"},\"image\":{\"@id\":\"https:\\\/\\\/centre-assal.ch\\\/actualites\\\/succes-du-1er-symposium-le-pied-dans-le-sport\\\/#primaryimage\"},\"thumbnailUrl\":\"https:\\\/\\\/centre-assal.ch\\\/wp-content\\\/uploads\\\/2025\\\/05\\\/a52a.jpg\",\"articleSection\":[\"Enseignement\"],\"inLanguage\":\"en-GB\",\"potentialAction\":[{\"@type\":\"CommentAction\",\"name\":\"Comment\",\"target\":[\"https:\\\/\\\/centre-assal.ch\\\/actualites\\\/succes-du-1er-symposium-le-pied-dans-le-sport\\\/#respond\"]}]},{\"@type\":\"WebPage\",\"@id\":\"https:\\\/\\\/centre-assal.ch\\\/actualites\\\/succes-du-1er-symposium-le-pied-dans-le-sport\\\/\",\"url\":\"https:\\\/\\\/centre-assal.ch\\\/actualites\\\/succes-du-1er-symposium-le-pied-dans-le-sport\\\/\",\"name\":\"Succ\u00e8s du 1er Symposium : Le pied dans le sport - Centre Assal\",\"isPartOf\":{\"@id\":\"https:\\\/\\\/centre-assal.ch\\\/#website\"},\"primaryImageOfPage\":{\"@id\":\"https:\\\/\\\/centre-assal.ch\\\/actualites\\\/succes-du-1er-symposium-le-pied-dans-le-sport\\\/#primaryimage\"},\"image\":{\"@id\":\"https:\\\/\\\/centre-assal.ch\\\/actualites\\\/succes-du-1er-symposium-le-pied-dans-le-sport\\\/#primaryimage\"},\"thumbnailUrl\":\"https:\\\/\\\/centre-assal.ch\\\/wp-content\\\/uploads\\\/2025\\\/05\\\/a52a.jpg\",\"datePublished\":\"2018-04-23T06:48:47+00:00\",\"dateModified\":\"2026-03-05T08:07:54+00:00\",\"description\":\"Retour sur le 1er Symposium Le pied dans le sport \u00e0 Gen\u00e8ve : plus de 130 participants, 13 experts et des ateliers pratiques d\u00e9di\u00e9s \u00e0 la sant\u00e9 du sportif.\",\"breadcrumb\":{\"@id\":\"https:\\\/\\\/centre-assal.ch\\\/actualites\\\/succes-du-1er-symposium-le-pied-dans-le-sport\\\/#breadcrumb\"},\"inLanguage\":\"en-GB\",\"potentialAction\":[{\"@type\":\"ReadAction\",\"target\":[\"https:\\\/\\\/centre-assal.ch\\\/actualites\\\/succes-du-1er-symposium-le-pied-dans-le-sport\\\/\"]}]},{\"@type\":\"ImageObject\",\"inLanguage\":\"en-GB\",\"@id\":\"https:\\\/\\\/centre-assal.ch\\\/actualites\\\/succes-du-1er-symposium-le-pied-dans-le-sport\\\/#primaryimage\",\"url\":\"https:\\\/\\\/centre-assal.ch\\\/wp-content\\\/uploads\\\/2025\\\/05\\\/a52a.jpg\",\"contentUrl\":\"https:\\\/\\\/centre-assal.ch\\\/wp-content\\\/uploads\\\/2025\\\/05\\\/a52a.jpg\",\"width\":960,\"height\":720,\"caption\":\"Succ\u00e8s du 1er Symposium\"},{\"@type\":\"BreadcrumbList\",\"@id\":\"https:\\\/\\\/centre-assal.ch\\\/actualites\\\/succes-du-1er-symposium-le-pied-dans-le-sport\\\/#breadcrumb\",\"itemListElement\":[{\"@type\":\"ListItem\",\"position\":1,\"name\":\"Home\",\"item\":\"https:\\\/\\\/centre-assal.ch\\\/\"},{\"@type\":\"ListItem\",\"position\":2,\"name\":\"Succ\u00e8s du 1er Symposium : Le pied dans le sport\"}]},{\"@type\":\"WebSite\",\"@id\":\"https:\\\/\\\/centre-assal.ch\\\/#website\",\"url\":\"https:\\\/\\\/centre-assal.ch\\\/\",\"name\":\"Centre Assal\",\"description\":\"\",\"publisher\":{\"@id\":\"https:\\\/\\\/centre-assal.ch\\\/#organization\"},\"potentialAction\":[{\"@type\":\"SearchAction\",\"target\":{\"@type\":\"EntryPoint\",\"urlTemplate\":\"https:\\\/\\\/centre-assal.ch\\\/?s={search_term_string}\"},\"query-input\":{\"@type\":\"PropertyValueSpecification\",\"valueRequired\":true,\"valueName\":\"search_term_string\"}}],\"inLanguage\":\"en-GB\"},{\"@type\":\"Organization\",\"@id\":\"https:\\\/\\\/centre-assal.ch\\\/#organization\",\"name\":\"Centre Assal\",\"url\":\"https:\\\/\\\/centre-assal.ch\\\/\",\"logo\":{\"@type\":\"ImageObject\",\"inLanguage\":\"en-GB\",\"@id\":\"https:\\\/\\\/centre-assal.ch\\\/#\\\/schema\\\/logo\\\/image\\\/\",\"url\":\"https:\\\/\\\/centre-assal.ch\\\/wp-content\\\/uploads\\\/2025\\\/03\\\/Logo_CentreAssal_RVB-11.png\",\"contentUrl\":\"https:\\\/\\\/centre-assal.ch\\\/wp-content\\\/uploads\\\/2025\\\/03\\\/Logo_CentreAssal_RVB-11.png\",\"width\":220,\"height\":114,\"caption\":\"Centre Assal\"},\"image\":{\"@id\":\"https:\\\/\\\/centre-assal.ch\\\/#\\\/schema\\\/logo\\\/image\\\/\"},\"sameAs\":[\"https:\\\/\\\/www.instagram.com\\\/centre_assal\\\/\",\"https:\\\/\\\/www.linkedin.com\\\/company\\\/centre-assal\"]},{\"@type\":\"Person\",\"@id\":\"https:\\\/\\\/centre-assal.ch\\\/#\\\/schema\\\/person\\\/fc0cbac9ac126e65102771a32d052f5c\",\"name\":\"Alain\",\"image\":{\"@type\":\"ImageObject\",\"inLanguage\":\"en-GB\",\"@id\":\"https:\\\/\\\/secure.gravatar.com\\\/avatar\\\/0e2bb32354a79891053383275ff39db8d114e6203adecc08497d52668cf8baac?s=96&d=mm&r=g\",\"url\":\"https:\\\/\\\/secure.gravatar.com\\\/avatar\\\/0e2bb32354a79891053383275ff39db8d114e6203adecc08497d52668cf8baac?s=96&d=mm&r=g\",\"contentUrl\":\"https:\\\/\\\/secure.gravatar.com\\\/avatar\\\/0e2bb32354a79891053383275ff39db8d114e6203adecc08497d52668cf8baac?s=96&d=mm&r=g\",\"caption\":\"Alain\"},\"url\":\"https:\\\/\\\/centre-assal.ch\\\/en\\\/author\\\/alain\\\/\"}]}<\/script>\n<!-- \/ Yoast SEO plugin. -->","yoast_head_json":{"title":"Succ\u00e8s du 1er Symposium : Le pied dans le sport - Centre Assal","description":"Retour sur le 1er Symposium Le pied dans le sport \u00e0 Gen\u00e8ve : plus de 130 participants, 13 experts et des ateliers pratiques d\u00e9di\u00e9s \u00e0 la sant\u00e9 du sportif.","robots":{"index":"index","follow":"follow","max-snippet":"max-snippet:-1","max-image-preview":"max-image-preview:large","max-video-preview":"max-video-preview:-1"},"canonical":"https:\/\/centre-assal.ch\/en\/actualites\/succes-du-1er-symposium-le-pied-dans-le-sport\/","og_locale":"en_GB","og_type":"article","og_title":"Succ\u00e8s du 1er Symposium : Le pied dans le sport - Centre Assal","og_description":"Retour sur le 1er Symposium Le pied dans le sport \u00e0 Gen\u00e8ve : plus de 130 participants, 13 experts et des ateliers pratiques d\u00e9di\u00e9s \u00e0 la sant\u00e9 du sportif.","og_url":"https:\/\/centre-assal.ch\/en\/actualites\/succes-du-1er-symposium-le-pied-dans-le-sport\/","og_site_name":"Centre Assal","article_published_time":"2018-04-23T06:48:47+00:00","article_modified_time":"2026-03-05T08:07:54+00:00","og_image":[{"width":960,"height":720,"url":"https:\/\/centre-assal.ch\/wp-content\/uploads\/2025\/05\/a52a.jpg","type":"image\/jpeg"}],"author":"Alain","twitter_card":"summary_large_image","twitter_misc":{"Written by":"Alain","Estimated reading time":"1 minute"},"schema":{"@context":"https:\/\/schema.org","@graph":[{"@type":"Article","@id":"https:\/\/centre-assal.ch\/actualites\/succes-du-1er-symposium-le-pied-dans-le-sport\/#article","isPartOf":{"@id":"https:\/\/centre-assal.ch\/actualites\/succes-du-1er-symposium-le-pied-dans-le-sport\/"},"author":{"name":"Alain","@id":"https:\/\/centre-assal.ch\/#\/schema\/person\/fc0cbac9ac126e65102771a32d052f5c"},"headline":"Succ\u00e8s du 1er Symposium : Le pied dans le sport","datePublished":"2018-04-23T06:48:47+00:00","dateModified":"2026-03-05T08:07:54+00:00","mainEntityOfPage":{"@id":"https:\/\/centre-assal.ch\/actualites\/succes-du-1er-symposium-le-pied-dans-le-sport\/"},"wordCount":158,"commentCount":0,"publisher":{"@id":"https:\/\/centre-assal.ch\/#organization"},"image":{"@id":"https:\/\/centre-assal.ch\/actualites\/succes-du-1er-symposium-le-pied-dans-le-sport\/#primaryimage"},"thumbnailUrl":"https:\/\/centre-assal.ch\/wp-content\/uploads\/2025\/05\/a52a.jpg","articleSection":["Enseignement"],"inLanguage":"en-GB","potentialAction":[{"@type":"CommentAction","name":"Comment","target":["https:\/\/centre-assal.ch\/actualites\/succes-du-1er-symposium-le-pied-dans-le-sport\/#respond"]}]},{"@type":"WebPage","@id":"https:\/\/centre-assal.ch\/actualites\/succes-du-1er-symposium-le-pied-dans-le-sport\/","url":"https:\/\/centre-assal.ch\/actualites\/succes-du-1er-symposium-le-pied-dans-le-sport\/","name":"Succ\u00e8s du 1er Symposium : Le pied dans le sport - Centre Assal","isPartOf":{"@id":"https:\/\/centre-assal.ch\/#website"},"primaryImageOfPage":{"@id":"https:\/\/centre-assal.ch\/actualites\/succes-du-1er-symposium-le-pied-dans-le-sport\/#primaryimage"},"image":{"@id":"https:\/\/centre-assal.ch\/actualites\/succes-du-1er-symposium-le-pied-dans-le-sport\/#primaryimage"},"thumbnailUrl":"https:\/\/centre-assal.ch\/wp-content\/uploads\/2025\/05\/a52a.jpg","datePublished":"2018-04-23T06:48:47+00:00","dateModified":"2026-03-05T08:07:54+00:00","description":"Retour sur le 1er Symposium Le pied dans le sport \u00e0 Gen\u00e8ve : plus de 130 participants, 13 experts et des ateliers pratiques d\u00e9di\u00e9s \u00e0 la sant\u00e9 du sportif.","breadcrumb":{"@id":"https:\/\/centre-assal.ch\/actualites\/succes-du-1er-symposium-le-pied-dans-le-sport\/#breadcrumb"},"inLanguage":"en-GB","potentialAction":[{"@type":"ReadAction","target":["https:\/\/centre-assal.ch\/actualites\/succes-du-1er-symposium-le-pied-dans-le-sport\/"]}]},{"@type":"ImageObject","inLanguage":"en-GB","@id":"https:\/\/centre-assal.ch\/actualites\/succes-du-1er-symposium-le-pied-dans-le-sport\/#primaryimage","url":"https:\/\/centre-assal.ch\/wp-content\/uploads\/2025\/05\/a52a.jpg","contentUrl":"https:\/\/centre-assal.ch\/wp-content\/uploads\/2025\/05\/a52a.jpg","width":960,"height":720,"caption":"Succ\u00e8s du 1er Symposium"},{"@type":"BreadcrumbList","@id":"https:\/\/centre-assal.ch\/actualites\/succes-du-1er-symposium-le-pied-dans-le-sport\/#breadcrumb","itemListElement":[{"@type":"ListItem","position":1,"name":"Home","item":"https:\/\/centre-assal.ch\/"},{"@type":"ListItem","position":2,"name":"Succ\u00e8s du 1er Symposium : Le pied dans le sport"}]},{"@type":"WebSite","@id":"https:\/\/centre-assal.ch\/#website","url":"https:\/\/centre-assal.ch\/","name":"Centre Assal","description":"","publisher":{"@id":"https:\/\/centre-assal.ch\/#organization"},"potentialAction":[{"@type":"SearchAction","target":{"@type":"EntryPoint","urlTemplate":"https:\/\/centre-assal.ch\/?s={search_term_string}"},"query-input":{"@type":"PropertyValueSpecification","valueRequired":true,"valueName":"search_term_string"}}],"inLanguage":"en-GB"},{"@type":"Organization","@id":"https:\/\/centre-assal.ch\/#organization","name":"Centre Assal","url":"https:\/\/centre-assal.ch\/","logo":{"@type":"ImageObject","inLanguage":"en-GB","@id":"https:\/\/centre-assal.ch\/#\/schema\/logo\/image\/","url":"https:\/\/centre-assal.ch\/wp-content\/uploads\/2025\/03\/Logo_CentreAssal_RVB-11.png","contentUrl":"https:\/\/centre-assal.ch\/wp-content\/uploads\/2025\/03\/Logo_CentreAssal_RVB-11.png","width":220,"height":114,"caption":"Centre Assal"},"image":{"@id":"https:\/\/centre-assal.ch\/#\/schema\/logo\/image\/"},"sameAs":["https:\/\/www.instagram.com\/centre_assal\/","https:\/\/www.linkedin.com\/company\/centre-assal"]},{"@type":"Person","@id":"https:\/\/centre-assal.ch\/#\/schema\/person\/fc0cbac9ac126e65102771a32d052f5c","name":"Alain","image":{"@type":"ImageObject","inLanguage":"en-GB","@id":"https:\/\/secure.gravatar.com\/avatar\/0e2bb32354a79891053383275ff39db8d114e6203adecc08497d52668cf8baac?s=96&d=mm&r=g","url":"https:\/\/secure.gravatar.com\/avatar\/0e2bb32354a79891053383275ff39db8d114e6203adecc08497d52668cf8baac?s=96&d=mm&r=g","contentUrl":"https:\/\/secure.gravatar.com\/avatar\/0e2bb32354a79891053383275ff39db8d114e6203adecc08497d52668cf8baac?s=96&d=mm&r=g","caption":"Alain"},"url":"https:\/\/centre-assal.ch\/en\/author\/alain\/"}]}},"_links":{"self":[{"href":"https:\/\/centre-assal.ch\/en\/wp-json\/wp\/v2\/posts\/14389","targetHints":{"allow":["GET"]}}],"collection":[{"href":"https:\/\/centre-assal.ch\/en\/wp-json\/wp\/v2\/posts"}],"about":[{"href":"https:\/\/centre-assal.ch\/en\/wp-json\/wp\/v2\/types\/post"}],"author":[{"embeddable":true,"href":"https:\/\/centre-assal.ch\/en\/wp-json\/wp\/v2\/users\/9"}],"replies":[{"embeddable":true,"href":"https:\/\/centre-assal.ch\/en\/wp-json\/wp\/v2\/comments?post=14389"}],"version-history":[{"count":2,"href":"https:\/\/centre-assal.ch\/en\/wp-json\/wp\/v2\/posts\/14389\/revisions"}],"predecessor-version":[{"id":19007,"href":"https:\/\/centre-assal.ch\/en\/wp-json\/wp\/v2\/posts\/14389\/revisions\/19007"}],"wp:featuredmedia":[{"embeddable":true,"href":"https:\/\/centre-assal.ch\/en\/wp-json\/wp\/v2\/media\/14391"}],"wp:attachment":[{"href":"https:\/\/centre-assal.ch\/en\/wp-json\/wp\/v2\/media?parent=14389"}],"wp:term":[{"taxonomy":"category","embeddable":true,"href":"https:\/\/centre-assal.ch\/en\/wp-json\/wp\/v2\/categories?post=14389"},{"taxonomy":"post_tag","embeddable":true,"href":"https:\/\/centre-assal.ch\/en\/wp-json\/wp\/v2\/tags?post=14389"}],"curies":[{"name":"wp","href":"https:\/\/api.w.org\/{rel}","templated":true}]}}