{"id":16617,"date":"2025-05-08T14:08:51","date_gmt":"2025-05-08T12:08:51","guid":{"rendered":"https:\/\/preview.centre-assal.ch\/actualites\/\/"},"modified":"2025-10-08T00:12:04","modified_gmt":"2025-10-07T22:12:04","slug":"succes-de-notre-nouveau-cycle-de-formation-le-pied-et-la-cheville-approche-et-soins","status":"publish","type":"post","link":"https:\/\/centre-assal.ch\/en\/actualites\/succes-de-notre-nouveau-cycle-de-formation-le-pied-et-la-cheville-approche-et-soins\/","title":{"rendered":"Success of our new training series \u2018The Foot and Ankle: Approach and Care\u2019!"},"content":{"rendered":"<p>We had the pleasure of welcoming general practitioners and therapists to our new training series: \u2018The Foot and Ankle: Approach and Care\u2019.<\/p>\n<p class=\"translation-block\">Anim\u00e9e par la Dre <a href=\"https:\/\/www.linkedin.com\/in\/ACoAADBt0McBWZSO7wPrdPrgoLh00MeSzl_SwQU\" target=\"_self\"><strong>Lisca Drittenbass, MD<\/strong><\/a>, le Dr <a href=\"https:\/\/www.linkedin.com\/in\/ACoAAARslb0BjNHeu7hLlQ7VrrHa_nEZE2I8mLA\" target=\"_self\"><strong>Antoine Acker<\/strong><\/a>, le Dr <a href=\"https:\/\/www.linkedin.com\/in\/ACoAABCLqF4BYlgttNis0D9GYuy8peVmVv7yxoE\" target=\"_self\"><strong>Filippo Pierobon<\/strong><\/a> et notre podologue Rachel Guillot, cette session \u2013 qui a rencontr\u00e9 un franc succ\u00e8s \u2013 a permis d\u2019aborder de mani\u00e8re concr\u00e8te les pathologies fr\u00e9quemment rencontr\u00e9es en cabinet, avec un focus sur le raisonnement clinique et les options th\u00e9rapeutiques adapt\u00e9es.<\/p>\n<p>An interactive and friendly training session, designed to strengthen the bonds between healthcare professionals.<\/p>\n<p>A big thank you to the speakers for their commitment, and to all the participants for their curiosity and enthusiasm!<\/p>","protected":false},"excerpt":{"rendered":"<p>Nous avons eu le plaisir d\u2019accueillir des m\u00e9decins g\u00e9n\u00e9ralistes et des th\u00e9rapeutes, \u00e0 l\u2019occasion de notre nouveau cycle de formation\u00a0: \u00ab Le pied et la cheville : approche et soins \u00bb. Anim\u00e9e par la Dre Lisca Drittenbass, MD, le Dr Antoine Acker, le Dr Filippo Pierobon et notre podologue Rachel Guillot, cette session \u2013 qui [&hellip;]<\/p>\n","protected":false},"author":18,"featured_media":16629,"comment_status":"open","ping_status":"open","sticky":false,"template":"","format":"standard","meta":{"_acf_changed":false,"footnotes":""},"categories":[1],"tags":[],"class_list":["post-16617","post","type-post","status-publish","format-standard","has-post-thumbnail","hentry","category-uncategorized"],"acf":[],"yoast_head":"<!-- This site is optimized with the Yoast SEO plugin v27.5 - https:\/\/yoast.com\/product\/yoast-seo-wordpress\/ -->\n<title>Succ\u00e8s du cycle de formation \u00ab Pied et cheville \u00bb au Centre ASSAL<\/title>\n<meta name=\"description\" content=\"Le Centre ASSAL a accueilli m\u00e9decins et th\u00e9rapeutes pour son cycle \u00ab Pied et cheville : approche et soins \u00bb, une formation interactive et riche en \u00e9changes cliniques.\" \/>\n<meta name=\"robots\" content=\"index, follow, max-snippet:-1, max-image-preview:large, max-video-preview:-1\" \/>\n<link rel=\"canonical\" href=\"https:\/\/centre-assal.ch\/en\/actualites\/succes-de-notre-nouveau-cycle-de-formation-le-pied-et-la-cheville-approche-et-soins\/\" \/>\n<meta property=\"og:locale\" content=\"en_GB\" \/>\n<meta property=\"og:type\" content=\"article\" \/>\n<meta property=\"og:title\" content=\"Succ\u00e8s du cycle de formation \u00ab Pied et cheville \u00bb au Centre ASSAL\" \/>\n<meta property=\"og:description\" content=\"Le Centre ASSAL a accueilli m\u00e9decins et th\u00e9rapeutes pour son cycle \u00ab Pied et cheville : approche et soins \u00bb, une formation interactive et riche en \u00e9changes cliniques.\" \/>\n<meta property=\"og:url\" content=\"https:\/\/centre-assal.ch\/en\/actualites\/succes-de-notre-nouveau-cycle-de-formation-le-pied-et-la-cheville-approche-et-soins\/\" \/>\n<meta property=\"og:site_name\" content=\"Centre Assal\" \/>\n<meta property=\"article:published_time\" content=\"2025-05-08T12:08:51+00:00\" \/>\n<meta property=\"article:modified_time\" content=\"2025-10-07T22:12:04+00:00\" \/>\n<meta property=\"og:image\" content=\"https:\/\/centre-assal.ch\/wp-content\/uploads\/2025\/07\/08.05.2025-Formation-generalistes.jpg\" \/>\n\t<meta property=\"og:image:width\" content=\"2048\" \/>\n\t<meta property=\"og:image:height\" content=\"1536\" \/>\n\t<meta property=\"og:image:type\" content=\"image\/jpeg\" \/>\n<meta name=\"author\" content=\"irakotomanana@exponent.team irakotomanana@exponent.team\" \/>\n<meta name=\"twitter:card\" content=\"summary_large_image\" \/>\n<meta name=\"twitter:label1\" content=\"Written by\" \/>\n\t<meta name=\"twitter:data1\" content=\"irakotomanana@exponent.team irakotomanana@exponent.team\" \/>\n\t<meta name=\"twitter:label2\" content=\"Estimated reading time\" \/>\n\t<meta name=\"twitter:data2\" content=\"1 minute\" \/>\n<script type=\"application\/ld+json\" class=\"yoast-schema-graph\">{\"@context\":\"https:\\\/\\\/schema.org\",\"@graph\":[{\"@type\":\"Article\",\"@id\":\"https:\\\/\\\/centre-assal.ch\\\/actualites\\\/succes-de-notre-nouveau-cycle-de-formation-le-pied-et-la-cheville-approche-et-soins\\\/#article\",\"isPartOf\":{\"@id\":\"https:\\\/\\\/centre-assal.ch\\\/actualites\\\/succes-de-notre-nouveau-cycle-de-formation-le-pied-et-la-cheville-approche-et-soins\\\/\"},\"author\":{\"name\":\"irakotomanana@exponent.team irakotomanana@exponent.team\",\"@id\":\"https:\\\/\\\/centre-assal.ch\\\/#\\\/schema\\\/person\\\/8da92af85d4ab91a401c63eb5fea0eef\"},\"headline\":\"Succ\u00e8s de notre nouveau cycle de formation \u00ab Le pied et la cheville : approche et soins \u00bb !\",\"datePublished\":\"2025-05-08T12:08:51+00:00\",\"dateModified\":\"2025-10-07T22:12:04+00:00\",\"mainEntityOfPage\":{\"@id\":\"https:\\\/\\\/centre-assal.ch\\\/actualites\\\/succes-de-notre-nouveau-cycle-de-formation-le-pied-et-la-cheville-approche-et-soins\\\/\"},\"wordCount\":143,\"commentCount\":0,\"publisher\":{\"@id\":\"https:\\\/\\\/centre-assal.ch\\\/#organization\"},\"image\":{\"@id\":\"https:\\\/\\\/centre-assal.ch\\\/actualites\\\/succes-de-notre-nouveau-cycle-de-formation-le-pied-et-la-cheville-approche-et-soins\\\/#primaryimage\"},\"thumbnailUrl\":\"https:\\\/\\\/centre-assal.ch\\\/wp-content\\\/uploads\\\/2025\\\/07\\\/08.05.2025-Formation-generalistes.jpg\",\"articleSection\":[\"Uncategorized\"],\"inLanguage\":\"en-GB\",\"potentialAction\":[{\"@type\":\"CommentAction\",\"name\":\"Comment\",\"target\":[\"https:\\\/\\\/centre-assal.ch\\\/actualites\\\/succes-de-notre-nouveau-cycle-de-formation-le-pied-et-la-cheville-approche-et-soins\\\/#respond\"]}]},{\"@type\":\"WebPage\",\"@id\":\"https:\\\/\\\/centre-assal.ch\\\/actualites\\\/succes-de-notre-nouveau-cycle-de-formation-le-pied-et-la-cheville-approche-et-soins\\\/\",\"url\":\"https:\\\/\\\/centre-assal.ch\\\/actualites\\\/succes-de-notre-nouveau-cycle-de-formation-le-pied-et-la-cheville-approche-et-soins\\\/\",\"name\":\"Succ\u00e8s du cycle de formation \u00ab Pied et cheville \u00bb au Centre ASSAL\",\"isPartOf\":{\"@id\":\"https:\\\/\\\/centre-assal.ch\\\/#website\"},\"primaryImageOfPage\":{\"@id\":\"https:\\\/\\\/centre-assal.ch\\\/actualites\\\/succes-de-notre-nouveau-cycle-de-formation-le-pied-et-la-cheville-approche-et-soins\\\/#primaryimage\"},\"image\":{\"@id\":\"https:\\\/\\\/centre-assal.ch\\\/actualites\\\/succes-de-notre-nouveau-cycle-de-formation-le-pied-et-la-cheville-approche-et-soins\\\/#primaryimage\"},\"thumbnailUrl\":\"https:\\\/\\\/centre-assal.ch\\\/wp-content\\\/uploads\\\/2025\\\/07\\\/08.05.2025-Formation-generalistes.jpg\",\"datePublished\":\"2025-05-08T12:08:51+00:00\",\"dateModified\":\"2025-10-07T22:12:04+00:00\",\"description\":\"Le Centre ASSAL a accueilli m\u00e9decins et th\u00e9rapeutes pour son cycle \u00ab Pied et cheville : approche et soins \u00bb, une formation interactive et riche en \u00e9changes cliniques.\",\"breadcrumb\":{\"@id\":\"https:\\\/\\\/centre-assal.ch\\\/actualites\\\/succes-de-notre-nouveau-cycle-de-formation-le-pied-et-la-cheville-approche-et-soins\\\/#breadcrumb\"},\"inLanguage\":\"en-GB\",\"potentialAction\":[{\"@type\":\"ReadAction\",\"target\":[\"https:\\\/\\\/centre-assal.ch\\\/actualites\\\/succes-de-notre-nouveau-cycle-de-formation-le-pied-et-la-cheville-approche-et-soins\\\/\"]}]},{\"@type\":\"ImageObject\",\"inLanguage\":\"en-GB\",\"@id\":\"https:\\\/\\\/centre-assal.ch\\\/actualites\\\/succes-de-notre-nouveau-cycle-de-formation-le-pied-et-la-cheville-approche-et-soins\\\/#primaryimage\",\"url\":\"https:\\\/\\\/centre-assal.ch\\\/wp-content\\\/uploads\\\/2025\\\/07\\\/08.05.2025-Formation-generalistes.jpg\",\"contentUrl\":\"https:\\\/\\\/centre-assal.ch\\\/wp-content\\\/uploads\\\/2025\\\/07\\\/08.05.2025-Formation-generalistes.jpg\",\"width\":2048,\"height\":1536},{\"@type\":\"BreadcrumbList\",\"@id\":\"https:\\\/\\\/centre-assal.ch\\\/actualites\\\/succes-de-notre-nouveau-cycle-de-formation-le-pied-et-la-cheville-approche-et-soins\\\/#breadcrumb\",\"itemListElement\":[{\"@type\":\"ListItem\",\"position\":1,\"name\":\"Home\",\"item\":\"https:\\\/\\\/centre-assal.ch\\\/\"},{\"@type\":\"ListItem\",\"position\":2,\"name\":\"Succ\u00e8s de notre nouveau cycle de formation \u00ab Le pied et la cheville : approche et soins \u00bb !\"}]},{\"@type\":\"WebSite\",\"@id\":\"https:\\\/\\\/centre-assal.ch\\\/#website\",\"url\":\"https:\\\/\\\/centre-assal.ch\\\/\",\"name\":\"Centre Assal\",\"description\":\"\",\"publisher\":{\"@id\":\"https:\\\/\\\/centre-assal.ch\\\/#organization\"},\"potentialAction\":[{\"@type\":\"SearchAction\",\"target\":{\"@type\":\"EntryPoint\",\"urlTemplate\":\"https:\\\/\\\/centre-assal.ch\\\/?s={search_term_string}\"},\"query-input\":{\"@type\":\"PropertyValueSpecification\",\"valueRequired\":true,\"valueName\":\"search_term_string\"}}],\"inLanguage\":\"en-GB\"},{\"@type\":\"Organization\",\"@id\":\"https:\\\/\\\/centre-assal.ch\\\/#organization\",\"name\":\"Centre Assal\",\"url\":\"https:\\\/\\\/centre-assal.ch\\\/\",\"logo\":{\"@type\":\"ImageObject\",\"inLanguage\":\"en-GB\",\"@id\":\"https:\\\/\\\/centre-assal.ch\\\/#\\\/schema\\\/logo\\\/image\\\/\",\"url\":\"https:\\\/\\\/centre-assal.ch\\\/wp-content\\\/uploads\\\/2025\\\/03\\\/Logo_CentreAssal_RVB-11.png\",\"contentUrl\":\"https:\\\/\\\/centre-assal.ch\\\/wp-content\\\/uploads\\\/2025\\\/03\\\/Logo_CentreAssal_RVB-11.png\",\"width\":220,\"height\":114,\"caption\":\"Centre Assal\"},\"image\":{\"@id\":\"https:\\\/\\\/centre-assal.ch\\\/#\\\/schema\\\/logo\\\/image\\\/\"},\"sameAs\":[\"https:\\\/\\\/www.instagram.com\\\/centre_assal\\\/\",\"https:\\\/\\\/www.linkedin.com\\\/company\\\/centre-assal\"]},{\"@type\":\"Person\",\"@id\":\"https:\\\/\\\/centre-assal.ch\\\/#\\\/schema\\\/person\\\/8da92af85d4ab91a401c63eb5fea0eef\",\"name\":\"irakotomanana@exponent.team irakotomanana@exponent.team\",\"image\":{\"@type\":\"ImageObject\",\"inLanguage\":\"en-GB\",\"@id\":\"https:\\\/\\\/secure.gravatar.com\\\/avatar\\\/09144e93ec23f96fe2a8a2c5d34e811e53b07f6da656cee90a6e5e3c4ee7d805?s=96&d=mm&r=g\",\"url\":\"https:\\\/\\\/secure.gravatar.com\\\/avatar\\\/09144e93ec23f96fe2a8a2c5d34e811e53b07f6da656cee90a6e5e3c4ee7d805?s=96&d=mm&r=g\",\"contentUrl\":\"https:\\\/\\\/secure.gravatar.com\\\/avatar\\\/09144e93ec23f96fe2a8a2c5d34e811e53b07f6da656cee90a6e5e3c4ee7d805?s=96&d=mm&r=g\",\"caption\":\"irakotomanana@exponent.team irakotomanana@exponent.team\"},\"url\":\"https:\\\/\\\/centre-assal.ch\\\/en\\\/author\\\/irakotomananaexponent-team\\\/\"}]}<\/script>\n<!-- \/ Yoast SEO plugin. -->","yoast_head_json":{"title":"Succ\u00e8s du cycle de formation \u00ab Pied et cheville \u00bb au Centre ASSAL","description":"Le Centre ASSAL a accueilli m\u00e9decins et th\u00e9rapeutes pour son cycle \u00ab Pied et cheville : approche et soins \u00bb, une formation interactive et riche en \u00e9changes cliniques.","robots":{"index":"index","follow":"follow","max-snippet":"max-snippet:-1","max-image-preview":"max-image-preview:large","max-video-preview":"max-video-preview:-1"},"canonical":"https:\/\/centre-assal.ch\/en\/actualites\/succes-de-notre-nouveau-cycle-de-formation-le-pied-et-la-cheville-approche-et-soins\/","og_locale":"en_GB","og_type":"article","og_title":"Succ\u00e8s du cycle de formation \u00ab Pied et cheville \u00bb au Centre ASSAL","og_description":"Le Centre ASSAL a accueilli m\u00e9decins et th\u00e9rapeutes pour son cycle \u00ab Pied et cheville : approche et soins \u00bb, une formation interactive et riche en \u00e9changes cliniques.","og_url":"https:\/\/centre-assal.ch\/en\/actualites\/succes-de-notre-nouveau-cycle-de-formation-le-pied-et-la-cheville-approche-et-soins\/","og_site_name":"Centre Assal","article_published_time":"2025-05-08T12:08:51+00:00","article_modified_time":"2025-10-07T22:12:04+00:00","og_image":[{"width":2048,"height":1536,"url":"https:\/\/centre-assal.ch\/wp-content\/uploads\/2025\/07\/08.05.2025-Formation-generalistes.jpg","type":"image\/jpeg"}],"author":"irakotomanana@exponent.team irakotomanana@exponent.team","twitter_card":"summary_large_image","twitter_misc":{"Written by":"irakotomanana@exponent.team irakotomanana@exponent.team","Estimated reading time":"1 minute"},"schema":{"@context":"https:\/\/schema.org","@graph":[{"@type":"Article","@id":"https:\/\/centre-assal.ch\/actualites\/succes-de-notre-nouveau-cycle-de-formation-le-pied-et-la-cheville-approche-et-soins\/#article","isPartOf":{"@id":"https:\/\/centre-assal.ch\/actualites\/succes-de-notre-nouveau-cycle-de-formation-le-pied-et-la-cheville-approche-et-soins\/"},"author":{"name":"irakotomanana@exponent.team irakotomanana@exponent.team","@id":"https:\/\/centre-assal.ch\/#\/schema\/person\/8da92af85d4ab91a401c63eb5fea0eef"},"headline":"Succ\u00e8s de notre nouveau cycle de formation \u00ab Le pied et la cheville : approche et soins \u00bb !","datePublished":"2025-05-08T12:08:51+00:00","dateModified":"2025-10-07T22:12:04+00:00","mainEntityOfPage":{"@id":"https:\/\/centre-assal.ch\/actualites\/succes-de-notre-nouveau-cycle-de-formation-le-pied-et-la-cheville-approche-et-soins\/"},"wordCount":143,"commentCount":0,"publisher":{"@id":"https:\/\/centre-assal.ch\/#organization"},"image":{"@id":"https:\/\/centre-assal.ch\/actualites\/succes-de-notre-nouveau-cycle-de-formation-le-pied-et-la-cheville-approche-et-soins\/#primaryimage"},"thumbnailUrl":"https:\/\/centre-assal.ch\/wp-content\/uploads\/2025\/07\/08.05.2025-Formation-generalistes.jpg","articleSection":["Uncategorized"],"inLanguage":"en-GB","potentialAction":[{"@type":"CommentAction","name":"Comment","target":["https:\/\/centre-assal.ch\/actualites\/succes-de-notre-nouveau-cycle-de-formation-le-pied-et-la-cheville-approche-et-soins\/#respond"]}]},{"@type":"WebPage","@id":"https:\/\/centre-assal.ch\/actualites\/succes-de-notre-nouveau-cycle-de-formation-le-pied-et-la-cheville-approche-et-soins\/","url":"https:\/\/centre-assal.ch\/actualites\/succes-de-notre-nouveau-cycle-de-formation-le-pied-et-la-cheville-approche-et-soins\/","name":"Succ\u00e8s du cycle de formation \u00ab Pied et cheville \u00bb au Centre ASSAL","isPartOf":{"@id":"https:\/\/centre-assal.ch\/#website"},"primaryImageOfPage":{"@id":"https:\/\/centre-assal.ch\/actualites\/succes-de-notre-nouveau-cycle-de-formation-le-pied-et-la-cheville-approche-et-soins\/#primaryimage"},"image":{"@id":"https:\/\/centre-assal.ch\/actualites\/succes-de-notre-nouveau-cycle-de-formation-le-pied-et-la-cheville-approche-et-soins\/#primaryimage"},"thumbnailUrl":"https:\/\/centre-assal.ch\/wp-content\/uploads\/2025\/07\/08.05.2025-Formation-generalistes.jpg","datePublished":"2025-05-08T12:08:51+00:00","dateModified":"2025-10-07T22:12:04+00:00","description":"Le Centre ASSAL a accueilli m\u00e9decins et th\u00e9rapeutes pour son cycle \u00ab Pied et cheville : approche et soins \u00bb, une formation interactive et riche en \u00e9changes cliniques.","breadcrumb":{"@id":"https:\/\/centre-assal.ch\/actualites\/succes-de-notre-nouveau-cycle-de-formation-le-pied-et-la-cheville-approche-et-soins\/#breadcrumb"},"inLanguage":"en-GB","potentialAction":[{"@type":"ReadAction","target":["https:\/\/centre-assal.ch\/actualites\/succes-de-notre-nouveau-cycle-de-formation-le-pied-et-la-cheville-approche-et-soins\/"]}]},{"@type":"ImageObject","inLanguage":"en-GB","@id":"https:\/\/centre-assal.ch\/actualites\/succes-de-notre-nouveau-cycle-de-formation-le-pied-et-la-cheville-approche-et-soins\/#primaryimage","url":"https:\/\/centre-assal.ch\/wp-content\/uploads\/2025\/07\/08.05.2025-Formation-generalistes.jpg","contentUrl":"https:\/\/centre-assal.ch\/wp-content\/uploads\/2025\/07\/08.05.2025-Formation-generalistes.jpg","width":2048,"height":1536},{"@type":"BreadcrumbList","@id":"https:\/\/centre-assal.ch\/actualites\/succes-de-notre-nouveau-cycle-de-formation-le-pied-et-la-cheville-approche-et-soins\/#breadcrumb","itemListElement":[{"@type":"ListItem","position":1,"name":"Home","item":"https:\/\/centre-assal.ch\/"},{"@type":"ListItem","position":2,"name":"Succ\u00e8s de notre nouveau cycle de formation \u00ab Le pied et la cheville : approche et soins \u00bb !"}]},{"@type":"WebSite","@id":"https:\/\/centre-assal.ch\/#website","url":"https:\/\/centre-assal.ch\/","name":"Centre Assal","description":"","publisher":{"@id":"https:\/\/centre-assal.ch\/#organization"},"potentialAction":[{"@type":"SearchAction","target":{"@type":"EntryPoint","urlTemplate":"https:\/\/centre-assal.ch\/?s={search_term_string}"},"query-input":{"@type":"PropertyValueSpecification","valueRequired":true,"valueName":"search_term_string"}}],"inLanguage":"en-GB"},{"@type":"Organization","@id":"https:\/\/centre-assal.ch\/#organization","name":"Centre Assal","url":"https:\/\/centre-assal.ch\/","logo":{"@type":"ImageObject","inLanguage":"en-GB","@id":"https:\/\/centre-assal.ch\/#\/schema\/logo\/image\/","url":"https:\/\/centre-assal.ch\/wp-content\/uploads\/2025\/03\/Logo_CentreAssal_RVB-11.png","contentUrl":"https:\/\/centre-assal.ch\/wp-content\/uploads\/2025\/03\/Logo_CentreAssal_RVB-11.png","width":220,"height":114,"caption":"Centre Assal"},"image":{"@id":"https:\/\/centre-assal.ch\/#\/schema\/logo\/image\/"},"sameAs":["https:\/\/www.instagram.com\/centre_assal\/","https:\/\/www.linkedin.com\/company\/centre-assal"]},{"@type":"Person","@id":"https:\/\/centre-assal.ch\/#\/schema\/person\/8da92af85d4ab91a401c63eb5fea0eef","name":"irakotomanana@exponent.team irakotomanana@exponent.team","image":{"@type":"ImageObject","inLanguage":"en-GB","@id":"https:\/\/secure.gravatar.com\/avatar\/09144e93ec23f96fe2a8a2c5d34e811e53b07f6da656cee90a6e5e3c4ee7d805?s=96&d=mm&r=g","url":"https:\/\/secure.gravatar.com\/avatar\/09144e93ec23f96fe2a8a2c5d34e811e53b07f6da656cee90a6e5e3c4ee7d805?s=96&d=mm&r=g","contentUrl":"https:\/\/secure.gravatar.com\/avatar\/09144e93ec23f96fe2a8a2c5d34e811e53b07f6da656cee90a6e5e3c4ee7d805?s=96&d=mm&r=g","caption":"irakotomanana@exponent.team irakotomanana@exponent.team"},"url":"https:\/\/centre-assal.ch\/en\/author\/irakotomananaexponent-team\/"}]}},"_links":{"self":[{"href":"https:\/\/centre-assal.ch\/en\/wp-json\/wp\/v2\/posts\/16617","targetHints":{"allow":["GET"]}}],"collection":[{"href":"https:\/\/centre-assal.ch\/en\/wp-json\/wp\/v2\/posts"}],"about":[{"href":"https:\/\/centre-assal.ch\/en\/wp-json\/wp\/v2\/types\/post"}],"author":[{"embeddable":true,"href":"https:\/\/centre-assal.ch\/en\/wp-json\/wp\/v2\/users\/18"}],"replies":[{"embeddable":true,"href":"https:\/\/centre-assal.ch\/en\/wp-json\/wp\/v2\/comments?post=16617"}],"version-history":[{"count":1,"href":"https:\/\/centre-assal.ch\/en\/wp-json\/wp\/v2\/posts\/16617\/revisions"}],"predecessor-version":[{"id":16633,"href":"https:\/\/centre-assal.ch\/en\/wp-json\/wp\/v2\/posts\/16617\/revisions\/16633"}],"wp:featuredmedia":[{"embeddable":true,"href":"https:\/\/centre-assal.ch\/en\/wp-json\/wp\/v2\/media\/16629"}],"wp:attachment":[{"href":"https:\/\/centre-assal.ch\/en\/wp-json\/wp\/v2\/media?parent=16617"}],"wp:term":[{"taxonomy":"category","embeddable":true,"href":"https:\/\/centre-assal.ch\/en\/wp-json\/wp\/v2\/categories?post=16617"},{"taxonomy":"post_tag","embeddable":true,"href":"https:\/\/centre-assal.ch\/en\/wp-json\/wp\/v2\/tags?post=16617"}],"curies":[{"name":"wp","href":"https:\/\/api.w.org\/{rel}","templated":true}]}}