{"id":17961,"date":"2025-11-20T11:08:30","date_gmt":"2025-11-20T10:08:30","guid":{"rendered":"https:\/\/centre-assal.ch\/actualites\/\/"},"modified":"2025-12-01T11:16:17","modified_gmt":"2025-12-01T10:16:17","slug":"le-centre-assal-present-au-congres-mifas-2025-a-barcelone","status":"publish","type":"post","link":"https:\/\/centre-assal.ch\/en\/actualites\/le-centre-assal-present-au-congres-mifas-2025-a-barcelone\/","title":{"rendered":"The Centre ASSAL at the MIFAS 2025 Congress in Barcelona!"},"content":{"rendered":"<p>The Centre ASSAL at the MIFAS 2025 Congress in Barcelona!<\/p>\n<p>&nbsp;<\/p>\n<p>We are proud to have taken an active part in the international MIFAS congress, a major event dedicated to foot and ankle surgery.<\/p>\n<p>&nbsp;<\/p>\n<ul>\n<li>Dr Dubois-Ferri\u00e8re had the honour of moderating a scientific session and was invited to give a presentation alongside other international specialists in ankle arthroscopy.<\/li>\n<li>Our former fellows, Dr Alberto Bailez and Dr Virginia Cafruni, also made outstanding contributions to the programme:<br \/>\n\u2022 Dr Bailez presented two studies on the three-dimensional analysis of hallux valgus deformities and the comparison of three surgical techniques.<br \/>\n\u2022 Dr Cafruni presented a study on computer-assisted surgery for osteochondral lesions of the distal tibia.<\/li>\n<li>Finally, Dr Antoine Acker presented a poster highlighting the clinical outcomes following minimally invasive correction of hallux valgus, confirming the expertise and innovative approach of our team.<\/li>\n<\/ul>\n<p>&nbsp;<\/p>\n<p>Congratulations to our physicians, researchers and former fellows for their dedication and contribution to scientific progress.<br \/>\nThe Centre ASSAL is proud to continue promoting excellence in foot and ankle research and surgery on the international stage.<\/p>\n<p><em>\u00a0<\/em><\/p>","protected":false},"excerpt":{"rendered":"<p>Le Centre ASSAL pr\u00e9sent au congr\u00e8s MIFAS 2025 \u00e0 Barcelone ! &nbsp; Nous sommes fiers d\u2019avoir particip\u00e9 activement au congr\u00e8s international de la MIFAS, un rendez-vous majeur d\u00e9di\u00e9 \u00e0 la chirurgie du pied et de la cheville. &nbsp; Le Dr Dubois-Ferri\u00e8re a eu l\u2019honneur de mod\u00e9rer une session scientifique et a \u00e9t\u00e9 invit\u00e9 \u00e0 faire [&hellip;]<\/p>\n","protected":false},"author":12,"featured_media":17963,"comment_status":"open","ping_status":"open","sticky":false,"template":"","format":"standard","meta":{"_acf_changed":false,"footnotes":""},"categories":[1],"tags":[],"class_list":["post-17961","post","type-post","status-publish","format-standard","has-post-thumbnail","hentry","category-uncategorized"],"acf":[],"yoast_head":"<!-- This site is optimized with the Yoast SEO plugin v27.5 - https:\/\/yoast.com\/product\/yoast-seo-wordpress\/ -->\n<title>Le Centre ASSAL pr\u00e9sent au congr\u00e8s MIFAS 2025 \u00e0 Barcelone !<\/title>\n<meta name=\"description\" content=\"Nous sommes fiers d\u2019avoir particip\u00e9 activement au congr\u00e8s international de la MIFAS, un rendez-vous majeur d\u00e9di\u00e9 \u00e0 la chirurgie du pied et de la cheville.\" \/>\n<meta name=\"robots\" content=\"index, follow, max-snippet:-1, max-image-preview:large, max-video-preview:-1\" \/>\n<link rel=\"canonical\" href=\"https:\/\/centre-assal.ch\/en\/actualites\/le-centre-assal-present-au-congres-mifas-2025-a-barcelone\/\" \/>\n<meta property=\"og:locale\" content=\"en_GB\" \/>\n<meta property=\"og:type\" content=\"article\" \/>\n<meta property=\"og:title\" content=\"Le Centre ASSAL pr\u00e9sent au congr\u00e8s MIFAS 2025 \u00e0 Barcelone !\" \/>\n<meta property=\"og:description\" content=\"Nous sommes fiers d\u2019avoir particip\u00e9 activement au congr\u00e8s international de la MIFAS, un rendez-vous majeur d\u00e9di\u00e9 \u00e0 la chirurgie du pied et de la cheville.\" \/>\n<meta property=\"og:url\" content=\"https:\/\/centre-assal.ch\/en\/actualites\/le-centre-assal-present-au-congres-mifas-2025-a-barcelone\/\" \/>\n<meta property=\"og:site_name\" content=\"Centre Assal\" \/>\n<meta property=\"article:published_time\" content=\"2025-11-20T10:08:30+00:00\" \/>\n<meta property=\"article:modified_time\" content=\"2025-12-01T10:16:17+00:00\" \/>\n<meta property=\"og:image\" content=\"https:\/\/centre-assal.ch\/wp-content\/uploads\/2025\/12\/884b74fe-f5f7-49f4-b69f-cef64b34a523-scaled-e1764577718876.jpeg\" \/>\n\t<meta property=\"og:image:width\" content=\"2560\" \/>\n\t<meta property=\"og:image:height\" content=\"1170\" \/>\n\t<meta property=\"og:image:type\" content=\"image\/jpeg\" \/>\n<meta name=\"author\" content=\"chloe\" \/>\n<meta name=\"twitter:card\" content=\"summary_large_image\" \/>\n<meta name=\"twitter:label1\" content=\"Written by\" \/>\n\t<meta name=\"twitter:data1\" content=\"chloe\" \/>\n\t<meta name=\"twitter:label2\" content=\"Estimated reading time\" \/>\n\t<meta name=\"twitter:data2\" content=\"2 minutes\" \/>\n<script type=\"application\/ld+json\" class=\"yoast-schema-graph\">{\"@context\":\"https:\\\/\\\/schema.org\",\"@graph\":[{\"@type\":\"Article\",\"@id\":\"https:\\\/\\\/centre-assal.ch\\\/actualites\\\/le-centre-assal-present-au-congres-mifas-2025-a-barcelone\\\/#article\",\"isPartOf\":{\"@id\":\"https:\\\/\\\/centre-assal.ch\\\/actualites\\\/le-centre-assal-present-au-congres-mifas-2025-a-barcelone\\\/\"},\"author\":{\"name\":\"chloe\",\"@id\":\"https:\\\/\\\/centre-assal.ch\\\/#\\\/schema\\\/person\\\/2a9615ee027c172c755a1848e3c52c90\"},\"headline\":\"Le Centre ASSAL pr\u00e9sent au congr\u00e8s MIFAS 2025 \u00e0 Barcelone !\",\"datePublished\":\"2025-11-20T10:08:30+00:00\",\"dateModified\":\"2025-12-01T10:16:17+00:00\",\"mainEntityOfPage\":{\"@id\":\"https:\\\/\\\/centre-assal.ch\\\/actualites\\\/le-centre-assal-present-au-congres-mifas-2025-a-barcelone\\\/\"},\"wordCount\":231,\"commentCount\":0,\"publisher\":{\"@id\":\"https:\\\/\\\/centre-assal.ch\\\/#organization\"},\"image\":{\"@id\":\"https:\\\/\\\/centre-assal.ch\\\/actualites\\\/le-centre-assal-present-au-congres-mifas-2025-a-barcelone\\\/#primaryimage\"},\"thumbnailUrl\":\"https:\\\/\\\/centre-assal.ch\\\/wp-content\\\/uploads\\\/2025\\\/12\\\/884b74fe-f5f7-49f4-b69f-cef64b34a523-scaled-e1764577718876.jpeg\",\"articleSection\":[\"Uncategorized\"],\"inLanguage\":\"en-GB\",\"potentialAction\":[{\"@type\":\"CommentAction\",\"name\":\"Comment\",\"target\":[\"https:\\\/\\\/centre-assal.ch\\\/actualites\\\/le-centre-assal-present-au-congres-mifas-2025-a-barcelone\\\/#respond\"]}]},{\"@type\":\"WebPage\",\"@id\":\"https:\\\/\\\/centre-assal.ch\\\/actualites\\\/le-centre-assal-present-au-congres-mifas-2025-a-barcelone\\\/\",\"url\":\"https:\\\/\\\/centre-assal.ch\\\/actualites\\\/le-centre-assal-present-au-congres-mifas-2025-a-barcelone\\\/\",\"name\":\"Le Centre ASSAL pr\u00e9sent au congr\u00e8s MIFAS 2025 \u00e0 Barcelone !\",\"isPartOf\":{\"@id\":\"https:\\\/\\\/centre-assal.ch\\\/#website\"},\"primaryImageOfPage\":{\"@id\":\"https:\\\/\\\/centre-assal.ch\\\/actualites\\\/le-centre-assal-present-au-congres-mifas-2025-a-barcelone\\\/#primaryimage\"},\"image\":{\"@id\":\"https:\\\/\\\/centre-assal.ch\\\/actualites\\\/le-centre-assal-present-au-congres-mifas-2025-a-barcelone\\\/#primaryimage\"},\"thumbnailUrl\":\"https:\\\/\\\/centre-assal.ch\\\/wp-content\\\/uploads\\\/2025\\\/12\\\/884b74fe-f5f7-49f4-b69f-cef64b34a523-scaled-e1764577718876.jpeg\",\"datePublished\":\"2025-11-20T10:08:30+00:00\",\"dateModified\":\"2025-12-01T10:16:17+00:00\",\"description\":\"Nous sommes fiers d\u2019avoir particip\u00e9 activement au congr\u00e8s international de la MIFAS, un rendez-vous majeur d\u00e9di\u00e9 \u00e0 la chirurgie du pied et de la cheville.\",\"breadcrumb\":{\"@id\":\"https:\\\/\\\/centre-assal.ch\\\/actualites\\\/le-centre-assal-present-au-congres-mifas-2025-a-barcelone\\\/#breadcrumb\"},\"inLanguage\":\"en-GB\",\"potentialAction\":[{\"@type\":\"ReadAction\",\"target\":[\"https:\\\/\\\/centre-assal.ch\\\/actualites\\\/le-centre-assal-present-au-congres-mifas-2025-a-barcelone\\\/\"]}]},{\"@type\":\"ImageObject\",\"inLanguage\":\"en-GB\",\"@id\":\"https:\\\/\\\/centre-assal.ch\\\/actualites\\\/le-centre-assal-present-au-congres-mifas-2025-a-barcelone\\\/#primaryimage\",\"url\":\"https:\\\/\\\/centre-assal.ch\\\/wp-content\\\/uploads\\\/2025\\\/12\\\/884b74fe-f5f7-49f4-b69f-cef64b34a523-scaled-e1764577718876.jpeg\",\"contentUrl\":\"https:\\\/\\\/centre-assal.ch\\\/wp-content\\\/uploads\\\/2025\\\/12\\\/884b74fe-f5f7-49f4-b69f-cef64b34a523-scaled-e1764577718876.jpeg\",\"width\":2560,\"height\":1170},{\"@type\":\"BreadcrumbList\",\"@id\":\"https:\\\/\\\/centre-assal.ch\\\/actualites\\\/le-centre-assal-present-au-congres-mifas-2025-a-barcelone\\\/#breadcrumb\",\"itemListElement\":[{\"@type\":\"ListItem\",\"position\":1,\"name\":\"Home\",\"item\":\"https:\\\/\\\/centre-assal.ch\\\/\"},{\"@type\":\"ListItem\",\"position\":2,\"name\":\"Le Centre ASSAL pr\u00e9sent au congr\u00e8s MIFAS 2025 \u00e0 Barcelone !\"}]},{\"@type\":\"WebSite\",\"@id\":\"https:\\\/\\\/centre-assal.ch\\\/#website\",\"url\":\"https:\\\/\\\/centre-assal.ch\\\/\",\"name\":\"Centre Assal\",\"description\":\"\",\"publisher\":{\"@id\":\"https:\\\/\\\/centre-assal.ch\\\/#organization\"},\"potentialAction\":[{\"@type\":\"SearchAction\",\"target\":{\"@type\":\"EntryPoint\",\"urlTemplate\":\"https:\\\/\\\/centre-assal.ch\\\/?s={search_term_string}\"},\"query-input\":{\"@type\":\"PropertyValueSpecification\",\"valueRequired\":true,\"valueName\":\"search_term_string\"}}],\"inLanguage\":\"en-GB\"},{\"@type\":\"Organization\",\"@id\":\"https:\\\/\\\/centre-assal.ch\\\/#organization\",\"name\":\"Centre Assal\",\"url\":\"https:\\\/\\\/centre-assal.ch\\\/\",\"logo\":{\"@type\":\"ImageObject\",\"inLanguage\":\"en-GB\",\"@id\":\"https:\\\/\\\/centre-assal.ch\\\/#\\\/schema\\\/logo\\\/image\\\/\",\"url\":\"https:\\\/\\\/centre-assal.ch\\\/wp-content\\\/uploads\\\/2025\\\/03\\\/Logo_CentreAssal_RVB-11.png\",\"contentUrl\":\"https:\\\/\\\/centre-assal.ch\\\/wp-content\\\/uploads\\\/2025\\\/03\\\/Logo_CentreAssal_RVB-11.png\",\"width\":220,\"height\":114,\"caption\":\"Centre Assal\"},\"image\":{\"@id\":\"https:\\\/\\\/centre-assal.ch\\\/#\\\/schema\\\/logo\\\/image\\\/\"},\"sameAs\":[\"https:\\\/\\\/www.instagram.com\\\/centre_assal\\\/\",\"https:\\\/\\\/www.linkedin.com\\\/company\\\/centre-assal\"]},{\"@type\":\"Person\",\"@id\":\"https:\\\/\\\/centre-assal.ch\\\/#\\\/schema\\\/person\\\/2a9615ee027c172c755a1848e3c52c90\",\"name\":\"chloe\",\"image\":{\"@type\":\"ImageObject\",\"inLanguage\":\"en-GB\",\"@id\":\"https:\\\/\\\/secure.gravatar.com\\\/avatar\\\/e39e62aa1aa465dbc9deb050c433a6c8713491ba0515e9e8b563d8eb0e62a9d6?s=96&d=mm&r=g\",\"url\":\"https:\\\/\\\/secure.gravatar.com\\\/avatar\\\/e39e62aa1aa465dbc9deb050c433a6c8713491ba0515e9e8b563d8eb0e62a9d6?s=96&d=mm&r=g\",\"contentUrl\":\"https:\\\/\\\/secure.gravatar.com\\\/avatar\\\/e39e62aa1aa465dbc9deb050c433a6c8713491ba0515e9e8b563d8eb0e62a9d6?s=96&d=mm&r=g\",\"caption\":\"chloe\"},\"url\":\"https:\\\/\\\/centre-assal.ch\\\/en\\\/author\\\/chloe\\\/\"}]}<\/script>\n<!-- \/ Yoast SEO plugin. -->","yoast_head_json":{"title":"The Centre ASSAL at the MIFAS 2025 Congress in Barcelona!","description":"We are proud to have taken an active part in the international MIFAS congress, a major event dedicated to foot and ankle surgery.","robots":{"index":"index","follow":"follow","max-snippet":"max-snippet:-1","max-image-preview":"max-image-preview:large","max-video-preview":"max-video-preview:-1"},"canonical":"https:\/\/centre-assal.ch\/en\/actualites\/le-centre-assal-present-au-congres-mifas-2025-a-barcelone\/","og_locale":"en_GB","og_type":"article","og_title":"Le Centre ASSAL pr\u00e9sent au congr\u00e8s MIFAS 2025 \u00e0 Barcelone !","og_description":"Nous sommes fiers d\u2019avoir particip\u00e9 activement au congr\u00e8s international de la MIFAS, un rendez-vous majeur d\u00e9di\u00e9 \u00e0 la chirurgie du pied et de la cheville.","og_url":"https:\/\/centre-assal.ch\/en\/actualites\/le-centre-assal-present-au-congres-mifas-2025-a-barcelone\/","og_site_name":"Centre Assal","article_published_time":"2025-11-20T10:08:30+00:00","article_modified_time":"2025-12-01T10:16:17+00:00","og_image":[{"width":2560,"height":1170,"url":"https:\/\/centre-assal.ch\/wp-content\/uploads\/2025\/12\/884b74fe-f5f7-49f4-b69f-cef64b34a523-scaled-e1764577718876.jpeg","type":"image\/jpeg"}],"author":"chloe","twitter_card":"summary_large_image","twitter_misc":{"Written by":"chloe","Estimated reading time":"2 minutes"},"schema":{"@context":"https:\/\/schema.org","@graph":[{"@type":"Article","@id":"https:\/\/centre-assal.ch\/actualites\/le-centre-assal-present-au-congres-mifas-2025-a-barcelone\/#article","isPartOf":{"@id":"https:\/\/centre-assal.ch\/actualites\/le-centre-assal-present-au-congres-mifas-2025-a-barcelone\/"},"author":{"name":"chloe","@id":"https:\/\/centre-assal.ch\/#\/schema\/person\/2a9615ee027c172c755a1848e3c52c90"},"headline":"Le Centre ASSAL pr\u00e9sent au congr\u00e8s MIFAS 2025 \u00e0 Barcelone !","datePublished":"2025-11-20T10:08:30+00:00","dateModified":"2025-12-01T10:16:17+00:00","mainEntityOfPage":{"@id":"https:\/\/centre-assal.ch\/actualites\/le-centre-assal-present-au-congres-mifas-2025-a-barcelone\/"},"wordCount":231,"commentCount":0,"publisher":{"@id":"https:\/\/centre-assal.ch\/#organization"},"image":{"@id":"https:\/\/centre-assal.ch\/actualites\/le-centre-assal-present-au-congres-mifas-2025-a-barcelone\/#primaryimage"},"thumbnailUrl":"https:\/\/centre-assal.ch\/wp-content\/uploads\/2025\/12\/884b74fe-f5f7-49f4-b69f-cef64b34a523-scaled-e1764577718876.jpeg","articleSection":["Uncategorized"],"inLanguage":"en-GB","potentialAction":[{"@type":"CommentAction","name":"Comment","target":["https:\/\/centre-assal.ch\/actualites\/le-centre-assal-present-au-congres-mifas-2025-a-barcelone\/#respond"]}]},{"@type":"WebPage","@id":"https:\/\/centre-assal.ch\/actualites\/le-centre-assal-present-au-congres-mifas-2025-a-barcelone\/","url":"https:\/\/centre-assal.ch\/actualites\/le-centre-assal-present-au-congres-mifas-2025-a-barcelone\/","name":"The Centre ASSAL at the MIFAS 2025 Congress in Barcelona!","isPartOf":{"@id":"https:\/\/centre-assal.ch\/#website"},"primaryImageOfPage":{"@id":"https:\/\/centre-assal.ch\/actualites\/le-centre-assal-present-au-congres-mifas-2025-a-barcelone\/#primaryimage"},"image":{"@id":"https:\/\/centre-assal.ch\/actualites\/le-centre-assal-present-au-congres-mifas-2025-a-barcelone\/#primaryimage"},"thumbnailUrl":"https:\/\/centre-assal.ch\/wp-content\/uploads\/2025\/12\/884b74fe-f5f7-49f4-b69f-cef64b34a523-scaled-e1764577718876.jpeg","datePublished":"2025-11-20T10:08:30+00:00","dateModified":"2025-12-01T10:16:17+00:00","description":"We are proud to have taken an active part in the international MIFAS congress, a major event dedicated to foot and ankle surgery.","breadcrumb":{"@id":"https:\/\/centre-assal.ch\/actualites\/le-centre-assal-present-au-congres-mifas-2025-a-barcelone\/#breadcrumb"},"inLanguage":"en-GB","potentialAction":[{"@type":"ReadAction","target":["https:\/\/centre-assal.ch\/actualites\/le-centre-assal-present-au-congres-mifas-2025-a-barcelone\/"]}]},{"@type":"ImageObject","inLanguage":"en-GB","@id":"https:\/\/centre-assal.ch\/actualites\/le-centre-assal-present-au-congres-mifas-2025-a-barcelone\/#primaryimage","url":"https:\/\/centre-assal.ch\/wp-content\/uploads\/2025\/12\/884b74fe-f5f7-49f4-b69f-cef64b34a523-scaled-e1764577718876.jpeg","contentUrl":"https:\/\/centre-assal.ch\/wp-content\/uploads\/2025\/12\/884b74fe-f5f7-49f4-b69f-cef64b34a523-scaled-e1764577718876.jpeg","width":2560,"height":1170},{"@type":"BreadcrumbList","@id":"https:\/\/centre-assal.ch\/actualites\/le-centre-assal-present-au-congres-mifas-2025-a-barcelone\/#breadcrumb","itemListElement":[{"@type":"ListItem","position":1,"name":"Home","item":"https:\/\/centre-assal.ch\/"},{"@type":"ListItem","position":2,"name":"Le Centre ASSAL pr\u00e9sent au congr\u00e8s MIFAS 2025 \u00e0 Barcelone !"}]},{"@type":"WebSite","@id":"https:\/\/centre-assal.ch\/#website","url":"https:\/\/centre-assal.ch\/","name":"Centre Assal","description":"","publisher":{"@id":"https:\/\/centre-assal.ch\/#organization"},"potentialAction":[{"@type":"SearchAction","target":{"@type":"EntryPoint","urlTemplate":"https:\/\/centre-assal.ch\/?s={search_term_string}"},"query-input":{"@type":"PropertyValueSpecification","valueRequired":true,"valueName":"search_term_string"}}],"inLanguage":"en-GB"},{"@type":"Organization","@id":"https:\/\/centre-assal.ch\/#organization","name":"Centre Assal","url":"https:\/\/centre-assal.ch\/","logo":{"@type":"ImageObject","inLanguage":"en-GB","@id":"https:\/\/centre-assal.ch\/#\/schema\/logo\/image\/","url":"https:\/\/centre-assal.ch\/wp-content\/uploads\/2025\/03\/Logo_CentreAssal_RVB-11.png","contentUrl":"https:\/\/centre-assal.ch\/wp-content\/uploads\/2025\/03\/Logo_CentreAssal_RVB-11.png","width":220,"height":114,"caption":"Centre Assal"},"image":{"@id":"https:\/\/centre-assal.ch\/#\/schema\/logo\/image\/"},"sameAs":["https:\/\/www.instagram.com\/centre_assal\/","https:\/\/www.linkedin.com\/company\/centre-assal"]},{"@type":"Person","@id":"https:\/\/centre-assal.ch\/#\/schema\/person\/2a9615ee027c172c755a1848e3c52c90","name":"chloe","image":{"@type":"ImageObject","inLanguage":"en-GB","@id":"https:\/\/secure.gravatar.com\/avatar\/e39e62aa1aa465dbc9deb050c433a6c8713491ba0515e9e8b563d8eb0e62a9d6?s=96&d=mm&r=g","url":"https:\/\/secure.gravatar.com\/avatar\/e39e62aa1aa465dbc9deb050c433a6c8713491ba0515e9e8b563d8eb0e62a9d6?s=96&d=mm&r=g","contentUrl":"https:\/\/secure.gravatar.com\/avatar\/e39e62aa1aa465dbc9deb050c433a6c8713491ba0515e9e8b563d8eb0e62a9d6?s=96&d=mm&r=g","caption":"chloe"},"url":"https:\/\/centre-assal.ch\/en\/author\/chloe\/"}]}},"_links":{"self":[{"href":"https:\/\/centre-assal.ch\/en\/wp-json\/wp\/v2\/posts\/17961","targetHints":{"allow":["GET"]}}],"collection":[{"href":"https:\/\/centre-assal.ch\/en\/wp-json\/wp\/v2\/posts"}],"about":[{"href":"https:\/\/centre-assal.ch\/en\/wp-json\/wp\/v2\/types\/post"}],"author":[{"embeddable":true,"href":"https:\/\/centre-assal.ch\/en\/wp-json\/wp\/v2\/users\/12"}],"replies":[{"embeddable":true,"href":"https:\/\/centre-assal.ch\/en\/wp-json\/wp\/v2\/comments?post=17961"}],"version-history":[{"count":4,"href":"https:\/\/centre-assal.ch\/en\/wp-json\/wp\/v2\/posts\/17961\/revisions"}],"predecessor-version":[{"id":17969,"href":"https:\/\/centre-assal.ch\/en\/wp-json\/wp\/v2\/posts\/17961\/revisions\/17969"}],"wp:featuredmedia":[{"embeddable":true,"href":"https:\/\/centre-assal.ch\/en\/wp-json\/wp\/v2\/media\/17963"}],"wp:attachment":[{"href":"https:\/\/centre-assal.ch\/en\/wp-json\/wp\/v2\/media?parent=17961"}],"wp:term":[{"taxonomy":"category","embeddable":true,"href":"https:\/\/centre-assal.ch\/en\/wp-json\/wp\/v2\/categories?post=17961"},{"taxonomy":"post_tag","embeddable":true,"href":"https:\/\/centre-assal.ch\/en\/wp-json\/wp\/v2\/tags?post=17961"}],"curies":[{"name":"wp","href":"https:\/\/api.w.org\/{rel}","templated":true}]}}