{"id":19048,"date":"2026-02-05T14:08:54","date_gmt":"2026-02-05T13:08:54","guid":{"rendered":"https:\/\/centre-assal.ch\/actualites\/\/"},"modified":"2026-04-02T14:17:41","modified_gmt":"2026-04-02T12:17:41","slug":"merci-a-mercy-ships-pour-son-action-essentielle","status":"publish","type":"post","link":"https:\/\/centre-assal.ch\/en\/actualites\/merci-a-mercy-ships-pour-son-action-essentielle\/","title":{"rendered":"Thank you to Mercy Ships for its essential work!"},"content":{"rendered":"<p>PD Dr Mathieu Assal had the pleasure of sharing his experience as a volunteer orthopedic surgeon alongside Dr Didier-David Malis, a maxillofacial surgeon, with an audience of 170 attendees, during a special session dedicated to humanitarian engagement with Mercy Ships.<\/p>\n<p>&nbsp;<\/p>\n<p>Through their testimony, they spoke about daily life aboard a hospital ship and the tangible impact of these surgical missions in Africa. A strong human and medical commitment that they wish to continue supporting.<\/p>\n<p>&nbsp;<\/p>\n<p>The Centre ASSAL is proud to highlight these initiatives that give meaning to medicine beyond borders.<\/p>\n<p>&nbsp;<\/p>\n<p>Thank you to Mercy Ships for its essential work!<\/p>","protected":false},"excerpt":{"rendered":"<p>Le PD Dr Mathieu Assal a eu le plaisir de partager son exp\u00e9rience de chirurgien orthop\u00e9diste b\u00e9n\u00e9vole aux c\u00f4t\u00e9s du Dr Didier-David Malis, chirurgien maxillo-facial, aupr\u00e8s d\u2019un parterre de 170 auditrices et auditeurs, lors d\u2019un moment de partage sur l\u2019engagement humanitaire avec Mercy Ships. &nbsp; \u00c0 travers leur t\u00e9moignage, ils ont \u00e9voqu\u00e9 le quotidien \u00e0 [&hellip;]<\/p>\n","protected":false},"author":12,"featured_media":19049,"comment_status":"open","ping_status":"open","sticky":false,"template":"","format":"standard","meta":{"_acf_changed":false,"footnotes":""},"categories":[1],"tags":[],"class_list":["post-19048","post","type-post","status-publish","format-standard","has-post-thumbnail","hentry","category-uncategorized"],"acf":[],"yoast_head":"<!-- This site is optimized with the Yoast SEO plugin v27.4 - https:\/\/yoast.com\/product\/yoast-seo-wordpress\/ -->\n<title>Merci \u00e0 Mercy Ships pour son action essentielle.<\/title>\n<meta name=\"description\" content=\"Le PD Dr Mathieu Assal a eu le plaisir de partager son exp\u00e9rience de chirurgien orthop\u00e9diste b\u00e9n\u00e9vole aux c\u00f4t\u00e9s du Dr Didier-David Malis, chirurgien maxillo-facial, aupr\u00e8s d\u2019un parterre de 170 auditrices et auditeurs, lors d\u2019un moment de partage sur l\u2019engagement humanitaire avec Mercy Ships.\" \/>\n<meta name=\"robots\" content=\"index, follow, max-snippet:-1, max-image-preview:large, max-video-preview:-1\" \/>\n<link rel=\"canonical\" href=\"https:\/\/centre-assal.ch\/en\/actualites\/merci-a-mercy-ships-pour-son-action-essentielle\/\" \/>\n<meta property=\"og:locale\" content=\"en_GB\" \/>\n<meta property=\"og:type\" content=\"article\" \/>\n<meta property=\"og:title\" content=\"Merci \u00e0 Mercy Ships pour son action essentielle.\" \/>\n<meta property=\"og:description\" content=\"Le PD Dr Mathieu Assal a eu le plaisir de partager son exp\u00e9rience de chirurgien orthop\u00e9diste b\u00e9n\u00e9vole aux c\u00f4t\u00e9s du Dr Didier-David Malis, chirurgien maxillo-facial, aupr\u00e8s d\u2019un parterre de 170 auditrices et auditeurs, lors d\u2019un moment de partage sur l\u2019engagement humanitaire avec Mercy Ships.\" \/>\n<meta property=\"og:url\" content=\"https:\/\/centre-assal.ch\/en\/actualites\/merci-a-mercy-ships-pour-son-action-essentielle\/\" \/>\n<meta property=\"og:site_name\" content=\"Centre Assal\" \/>\n<meta property=\"article:published_time\" content=\"2026-02-05T13:08:54+00:00\" \/>\n<meta property=\"article:modified_time\" content=\"2026-04-02T12:17:41+00:00\" \/>\n<meta property=\"og:image\" content=\"https:\/\/centre-assal.ch\/wp-content\/uploads\/2026\/04\/Merc-Ships-e1775131716509.jpg\" \/>\n\t<meta property=\"og:image:width\" content=\"820\" \/>\n\t<meta property=\"og:image:height\" content=\"413\" \/>\n\t<meta property=\"og:image:type\" content=\"image\/jpeg\" \/>\n<meta name=\"author\" content=\"chloe\" \/>\n<meta name=\"twitter:card\" content=\"summary_large_image\" \/>\n<meta name=\"twitter:label1\" content=\"Written by\" \/>\n\t<meta name=\"twitter:data1\" content=\"chloe\" \/>\n\t<meta name=\"twitter:label2\" content=\"Estimated reading time\" \/>\n\t<meta name=\"twitter:data2\" content=\"1 minute\" \/>\n<script type=\"application\/ld+json\" class=\"yoast-schema-graph\">{\"@context\":\"https:\\\/\\\/schema.org\",\"@graph\":[{\"@type\":\"Article\",\"@id\":\"https:\\\/\\\/centre-assal.ch\\\/actualites\\\/merci-a-mercy-ships-pour-son-action-essentielle\\\/#article\",\"isPartOf\":{\"@id\":\"https:\\\/\\\/centre-assal.ch\\\/actualites\\\/merci-a-mercy-ships-pour-son-action-essentielle\\\/\"},\"author\":{\"name\":\"chloe\",\"@id\":\"https:\\\/\\\/centre-assal.ch\\\/#\\\/schema\\\/person\\\/cabb73f86c15b744cd454433242cfec4\"},\"headline\":\"Merci \u00e0 Mercy Ships pour son action essentielle !\",\"datePublished\":\"2026-02-05T13:08:54+00:00\",\"dateModified\":\"2026-04-02T12:17:41+00:00\",\"mainEntityOfPage\":{\"@id\":\"https:\\\/\\\/centre-assal.ch\\\/actualites\\\/merci-a-mercy-ships-pour-son-action-essentielle\\\/\"},\"wordCount\":129,\"commentCount\":0,\"publisher\":{\"@id\":\"https:\\\/\\\/centre-assal.ch\\\/#organization\"},\"image\":{\"@id\":\"https:\\\/\\\/centre-assal.ch\\\/actualites\\\/merci-a-mercy-ships-pour-son-action-essentielle\\\/#primaryimage\"},\"thumbnailUrl\":\"https:\\\/\\\/centre-assal.ch\\\/wp-content\\\/uploads\\\/2026\\\/04\\\/Merc-Ships-e1775131716509.jpg\",\"articleSection\":[\"Uncategorized\"],\"inLanguage\":\"en-GB\",\"potentialAction\":[{\"@type\":\"CommentAction\",\"name\":\"Comment\",\"target\":[\"https:\\\/\\\/centre-assal.ch\\\/actualites\\\/merci-a-mercy-ships-pour-son-action-essentielle\\\/#respond\"]}]},{\"@type\":\"WebPage\",\"@id\":\"https:\\\/\\\/centre-assal.ch\\\/actualites\\\/merci-a-mercy-ships-pour-son-action-essentielle\\\/\",\"url\":\"https:\\\/\\\/centre-assal.ch\\\/actualites\\\/merci-a-mercy-ships-pour-son-action-essentielle\\\/\",\"name\":\"Merci \u00e0 Mercy Ships pour son action essentielle.\",\"isPartOf\":{\"@id\":\"https:\\\/\\\/centre-assal.ch\\\/#website\"},\"primaryImageOfPage\":{\"@id\":\"https:\\\/\\\/centre-assal.ch\\\/actualites\\\/merci-a-mercy-ships-pour-son-action-essentielle\\\/#primaryimage\"},\"image\":{\"@id\":\"https:\\\/\\\/centre-assal.ch\\\/actualites\\\/merci-a-mercy-ships-pour-son-action-essentielle\\\/#primaryimage\"},\"thumbnailUrl\":\"https:\\\/\\\/centre-assal.ch\\\/wp-content\\\/uploads\\\/2026\\\/04\\\/Merc-Ships-e1775131716509.jpg\",\"datePublished\":\"2026-02-05T13:08:54+00:00\",\"dateModified\":\"2026-04-02T12:17:41+00:00\",\"description\":\"Le PD Dr Mathieu Assal a eu le plaisir de partager son exp\u00e9rience de chirurgien orthop\u00e9diste b\u00e9n\u00e9vole aux c\u00f4t\u00e9s du Dr Didier-David Malis, chirurgien maxillo-facial, aupr\u00e8s d\u2019un parterre de 170 auditrices et auditeurs, lors d\u2019un moment de partage sur l\u2019engagement humanitaire avec Mercy Ships.\",\"breadcrumb\":{\"@id\":\"https:\\\/\\\/centre-assal.ch\\\/actualites\\\/merci-a-mercy-ships-pour-son-action-essentielle\\\/#breadcrumb\"},\"inLanguage\":\"en-GB\",\"potentialAction\":[{\"@type\":\"ReadAction\",\"target\":[\"https:\\\/\\\/centre-assal.ch\\\/actualites\\\/merci-a-mercy-ships-pour-son-action-essentielle\\\/\"]}]},{\"@type\":\"ImageObject\",\"inLanguage\":\"en-GB\",\"@id\":\"https:\\\/\\\/centre-assal.ch\\\/actualites\\\/merci-a-mercy-ships-pour-son-action-essentielle\\\/#primaryimage\",\"url\":\"https:\\\/\\\/centre-assal.ch\\\/wp-content\\\/uploads\\\/2026\\\/04\\\/Merc-Ships-e1775131716509.jpg\",\"contentUrl\":\"https:\\\/\\\/centre-assal.ch\\\/wp-content\\\/uploads\\\/2026\\\/04\\\/Merc-Ships-e1775131716509.jpg\",\"width\":820,\"height\":413},{\"@type\":\"BreadcrumbList\",\"@id\":\"https:\\\/\\\/centre-assal.ch\\\/actualites\\\/merci-a-mercy-ships-pour-son-action-essentielle\\\/#breadcrumb\",\"itemListElement\":[{\"@type\":\"ListItem\",\"position\":1,\"name\":\"Home\",\"item\":\"https:\\\/\\\/centre-assal.ch\\\/\"},{\"@type\":\"ListItem\",\"position\":2,\"name\":\"Merci \u00e0 Mercy Ships pour son action essentielle !\"}]},{\"@type\":\"WebSite\",\"@id\":\"https:\\\/\\\/centre-assal.ch\\\/#website\",\"url\":\"https:\\\/\\\/centre-assal.ch\\\/\",\"name\":\"Centre Assal\",\"description\":\"\",\"publisher\":{\"@id\":\"https:\\\/\\\/centre-assal.ch\\\/#organization\"},\"potentialAction\":[{\"@type\":\"SearchAction\",\"target\":{\"@type\":\"EntryPoint\",\"urlTemplate\":\"https:\\\/\\\/centre-assal.ch\\\/?s={search_term_string}\"},\"query-input\":{\"@type\":\"PropertyValueSpecification\",\"valueRequired\":true,\"valueName\":\"search_term_string\"}}],\"inLanguage\":\"en-GB\"},{\"@type\":\"Organization\",\"@id\":\"https:\\\/\\\/centre-assal.ch\\\/#organization\",\"name\":\"Centre Assal\",\"url\":\"https:\\\/\\\/centre-assal.ch\\\/\",\"logo\":{\"@type\":\"ImageObject\",\"inLanguage\":\"en-GB\",\"@id\":\"https:\\\/\\\/centre-assal.ch\\\/#\\\/schema\\\/logo\\\/image\\\/\",\"url\":\"https:\\\/\\\/centre-assal.ch\\\/wp-content\\\/uploads\\\/2025\\\/03\\\/Logo_CentreAssal_RVB-11.png\",\"contentUrl\":\"https:\\\/\\\/centre-assal.ch\\\/wp-content\\\/uploads\\\/2025\\\/03\\\/Logo_CentreAssal_RVB-11.png\",\"width\":220,\"height\":114,\"caption\":\"Centre Assal\"},\"image\":{\"@id\":\"https:\\\/\\\/centre-assal.ch\\\/#\\\/schema\\\/logo\\\/image\\\/\"},\"sameAs\":[\"https:\\\/\\\/www.instagram.com\\\/centre_assal\\\/\",\"https:\\\/\\\/www.linkedin.com\\\/company\\\/centre-assal\"]},{\"@type\":\"Person\",\"@id\":\"https:\\\/\\\/centre-assal.ch\\\/#\\\/schema\\\/person\\\/cabb73f86c15b744cd454433242cfec4\",\"name\":\"chloe\",\"image\":{\"@type\":\"ImageObject\",\"inLanguage\":\"en-GB\",\"@id\":\"https:\\\/\\\/secure.gravatar.com\\\/avatar\\\/e39e62aa1aa465dbc9deb050c433a6c8713491ba0515e9e8b563d8eb0e62a9d6?s=96&d=mm&r=g\",\"url\":\"https:\\\/\\\/secure.gravatar.com\\\/avatar\\\/e39e62aa1aa465dbc9deb050c433a6c8713491ba0515e9e8b563d8eb0e62a9d6?s=96&d=mm&r=g\",\"contentUrl\":\"https:\\\/\\\/secure.gravatar.com\\\/avatar\\\/e39e62aa1aa465dbc9deb050c433a6c8713491ba0515e9e8b563d8eb0e62a9d6?s=96&d=mm&r=g\",\"caption\":\"chloe\"},\"url\":\"https:\\\/\\\/centre-assal.ch\\\/en\\\/author\\\/chloe\\\/\"}]}<\/script>\n<!-- \/ Yoast SEO plugin. -->","yoast_head_json":{"title":"Thank you to Mercy Ships for its essential work!","description":"PD Dr Mathieu Assal had the pleasure of sharing his experience as a volunteer orthopedic surgeon alongside Dr Didier-David Malis, a maxillofacial surgeon, with an audience of 170 attendees, during a special session dedicated to humanitarian engagement with Mercy Ships.","robots":{"index":"index","follow":"follow","max-snippet":"max-snippet:-1","max-image-preview":"max-image-preview:large","max-video-preview":"max-video-preview:-1"},"canonical":"https:\/\/centre-assal.ch\/en\/actualites\/merci-a-mercy-ships-pour-son-action-essentielle\/","og_locale":"en_GB","og_type":"article","og_title":"Merci \u00e0 Mercy Ships pour son action essentielle.","og_description":"Le PD Dr Mathieu Assal a eu le plaisir de partager son exp\u00e9rience de chirurgien orthop\u00e9diste b\u00e9n\u00e9vole aux c\u00f4t\u00e9s du Dr Didier-David Malis, chirurgien maxillo-facial, aupr\u00e8s d\u2019un parterre de 170 auditrices et auditeurs, lors d\u2019un moment de partage sur l\u2019engagement humanitaire avec Mercy Ships.","og_url":"https:\/\/centre-assal.ch\/en\/actualites\/merci-a-mercy-ships-pour-son-action-essentielle\/","og_site_name":"Centre Assal","article_published_time":"2026-02-05T13:08:54+00:00","article_modified_time":"2026-04-02T12:17:41+00:00","og_image":[{"width":820,"height":413,"url":"https:\/\/centre-assal.ch\/wp-content\/uploads\/2026\/04\/Merc-Ships-e1775131716509.jpg","type":"image\/jpeg"}],"author":"chloe","twitter_card":"summary_large_image","twitter_misc":{"Written by":"chloe","Estimated reading time":"1 minute"},"schema":{"@context":"https:\/\/schema.org","@graph":[{"@type":"Article","@id":"https:\/\/centre-assal.ch\/actualites\/merci-a-mercy-ships-pour-son-action-essentielle\/#article","isPartOf":{"@id":"https:\/\/centre-assal.ch\/actualites\/merci-a-mercy-ships-pour-son-action-essentielle\/"},"author":{"name":"chloe","@id":"https:\/\/centre-assal.ch\/#\/schema\/person\/cabb73f86c15b744cd454433242cfec4"},"headline":"Merci \u00e0 Mercy Ships pour son action essentielle !","datePublished":"2026-02-05T13:08:54+00:00","dateModified":"2026-04-02T12:17:41+00:00","mainEntityOfPage":{"@id":"https:\/\/centre-assal.ch\/actualites\/merci-a-mercy-ships-pour-son-action-essentielle\/"},"wordCount":129,"commentCount":0,"publisher":{"@id":"https:\/\/centre-assal.ch\/#organization"},"image":{"@id":"https:\/\/centre-assal.ch\/actualites\/merci-a-mercy-ships-pour-son-action-essentielle\/#primaryimage"},"thumbnailUrl":"https:\/\/centre-assal.ch\/wp-content\/uploads\/2026\/04\/Merc-Ships-e1775131716509.jpg","articleSection":["Uncategorized"],"inLanguage":"en-GB","potentialAction":[{"@type":"CommentAction","name":"Comment","target":["https:\/\/centre-assal.ch\/actualites\/merci-a-mercy-ships-pour-son-action-essentielle\/#respond"]}]},{"@type":"WebPage","@id":"https:\/\/centre-assal.ch\/actualites\/merci-a-mercy-ships-pour-son-action-essentielle\/","url":"https:\/\/centre-assal.ch\/actualites\/merci-a-mercy-ships-pour-son-action-essentielle\/","name":"Thank you to Mercy Ships for its essential work!","isPartOf":{"@id":"https:\/\/centre-assal.ch\/#website"},"primaryImageOfPage":{"@id":"https:\/\/centre-assal.ch\/actualites\/merci-a-mercy-ships-pour-son-action-essentielle\/#primaryimage"},"image":{"@id":"https:\/\/centre-assal.ch\/actualites\/merci-a-mercy-ships-pour-son-action-essentielle\/#primaryimage"},"thumbnailUrl":"https:\/\/centre-assal.ch\/wp-content\/uploads\/2026\/04\/Merc-Ships-e1775131716509.jpg","datePublished":"2026-02-05T13:08:54+00:00","dateModified":"2026-04-02T12:17:41+00:00","description":"PD Dr Mathieu Assal had the pleasure of sharing his experience as a volunteer orthopedic surgeon alongside Dr Didier-David Malis, a maxillofacial surgeon, with an audience of 170 attendees, during a special session dedicated to humanitarian engagement with Mercy Ships.","breadcrumb":{"@id":"https:\/\/centre-assal.ch\/actualites\/merci-a-mercy-ships-pour-son-action-essentielle\/#breadcrumb"},"inLanguage":"en-GB","potentialAction":[{"@type":"ReadAction","target":["https:\/\/centre-assal.ch\/actualites\/merci-a-mercy-ships-pour-son-action-essentielle\/"]}]},{"@type":"ImageObject","inLanguage":"en-GB","@id":"https:\/\/centre-assal.ch\/actualites\/merci-a-mercy-ships-pour-son-action-essentielle\/#primaryimage","url":"https:\/\/centre-assal.ch\/wp-content\/uploads\/2026\/04\/Merc-Ships-e1775131716509.jpg","contentUrl":"https:\/\/centre-assal.ch\/wp-content\/uploads\/2026\/04\/Merc-Ships-e1775131716509.jpg","width":820,"height":413},{"@type":"BreadcrumbList","@id":"https:\/\/centre-assal.ch\/actualites\/merci-a-mercy-ships-pour-son-action-essentielle\/#breadcrumb","itemListElement":[{"@type":"ListItem","position":1,"name":"Home","item":"https:\/\/centre-assal.ch\/"},{"@type":"ListItem","position":2,"name":"Merci \u00e0 Mercy Ships pour son action essentielle !"}]},{"@type":"WebSite","@id":"https:\/\/centre-assal.ch\/#website","url":"https:\/\/centre-assal.ch\/","name":"Centre Assal","description":"","publisher":{"@id":"https:\/\/centre-assal.ch\/#organization"},"potentialAction":[{"@type":"SearchAction","target":{"@type":"EntryPoint","urlTemplate":"https:\/\/centre-assal.ch\/?s={search_term_string}"},"query-input":{"@type":"PropertyValueSpecification","valueRequired":true,"valueName":"search_term_string"}}],"inLanguage":"en-GB"},{"@type":"Organization","@id":"https:\/\/centre-assal.ch\/#organization","name":"Centre Assal","url":"https:\/\/centre-assal.ch\/","logo":{"@type":"ImageObject","inLanguage":"en-GB","@id":"https:\/\/centre-assal.ch\/#\/schema\/logo\/image\/","url":"https:\/\/centre-assal.ch\/wp-content\/uploads\/2025\/03\/Logo_CentreAssal_RVB-11.png","contentUrl":"https:\/\/centre-assal.ch\/wp-content\/uploads\/2025\/03\/Logo_CentreAssal_RVB-11.png","width":220,"height":114,"caption":"Centre Assal"},"image":{"@id":"https:\/\/centre-assal.ch\/#\/schema\/logo\/image\/"},"sameAs":["https:\/\/www.instagram.com\/centre_assal\/","https:\/\/www.linkedin.com\/company\/centre-assal"]},{"@type":"Person","@id":"https:\/\/centre-assal.ch\/#\/schema\/person\/cabb73f86c15b744cd454433242cfec4","name":"chloe","image":{"@type":"ImageObject","inLanguage":"en-GB","@id":"https:\/\/secure.gravatar.com\/avatar\/e39e62aa1aa465dbc9deb050c433a6c8713491ba0515e9e8b563d8eb0e62a9d6?s=96&d=mm&r=g","url":"https:\/\/secure.gravatar.com\/avatar\/e39e62aa1aa465dbc9deb050c433a6c8713491ba0515e9e8b563d8eb0e62a9d6?s=96&d=mm&r=g","contentUrl":"https:\/\/secure.gravatar.com\/avatar\/e39e62aa1aa465dbc9deb050c433a6c8713491ba0515e9e8b563d8eb0e62a9d6?s=96&d=mm&r=g","caption":"chloe"},"url":"https:\/\/centre-assal.ch\/en\/author\/chloe\/"}]}},"_links":{"self":[{"href":"https:\/\/centre-assal.ch\/en\/wp-json\/wp\/v2\/posts\/19048","targetHints":{"allow":["GET"]}}],"collection":[{"href":"https:\/\/centre-assal.ch\/en\/wp-json\/wp\/v2\/posts"}],"about":[{"href":"https:\/\/centre-assal.ch\/en\/wp-json\/wp\/v2\/types\/post"}],"author":[{"embeddable":true,"href":"https:\/\/centre-assal.ch\/en\/wp-json\/wp\/v2\/users\/12"}],"replies":[{"embeddable":true,"href":"https:\/\/centre-assal.ch\/en\/wp-json\/wp\/v2\/comments?post=19048"}],"version-history":[{"count":3,"href":"https:\/\/centre-assal.ch\/en\/wp-json\/wp\/v2\/posts\/19048\/revisions"}],"predecessor-version":[{"id":19052,"href":"https:\/\/centre-assal.ch\/en\/wp-json\/wp\/v2\/posts\/19048\/revisions\/19052"}],"wp:featuredmedia":[{"embeddable":true,"href":"https:\/\/centre-assal.ch\/en\/wp-json\/wp\/v2\/media\/19049"}],"wp:attachment":[{"href":"https:\/\/centre-assal.ch\/en\/wp-json\/wp\/v2\/media?parent=19048"}],"wp:term":[{"taxonomy":"category","embeddable":true,"href":"https:\/\/centre-assal.ch\/en\/wp-json\/wp\/v2\/categories?post=19048"},{"taxonomy":"post_tag","embeddable":true,"href":"https:\/\/centre-assal.ch\/en\/wp-json\/wp\/v2\/tags?post=19048"}],"curies":[{"name":"wp","href":"https:\/\/api.w.org\/{rel}","templated":true}]}}